{"id":8051,"date":"2019-07-13T22:28:37","date_gmt":"2019-07-14T03:28:37","guid":{"rendered":"http:\/\/diariodigitalmx.com\/?p=8051"},"modified":"2019-07-13T22:28:38","modified_gmt":"2019-07-14T03:28:38","slug":"gobernacion-al-pendiente-de-redadas-de-migrantes-en-eu","status":"publish","type":"post","link":"https:\/\/diariodigitalmx.com\/index.php\/2019\/07\/13\/gobernacion-al-pendiente-de-redadas-de-migrantes-en-eu\/","title":{"rendered":"Gobernaci\u00f3n al pendiente de redadas de migrantes en EU"},"content":{"rendered":"\n<p>La secretaria de Gobernaci\u00f3n,&nbsp;<a href=\"https:\/\/twitter.com\/M_OlgaSCordero\"><strong>Olga S\u00e1nchez Cordero<\/strong><\/a>, afirm\u00f3 que en la dependencia a su cargo estar\u00e1n \u201cmuy&nbsp;<strong>pendientes<\/strong>\u201d para proteger a los connacionales, ante el anuncio del presidente de Estados Unidos,&nbsp;<strong>Donald Trump<\/strong>, de que el domingo iniciar\u00e1n \u201c<strong>redadas<\/strong>\u201d contra&nbsp;<strong>migrantesindocumentados<\/strong>.<\/p>\n\n\n\n<p>\u201cVamos a estar muy pendientes para&nbsp;<strong>proteger<\/strong>&nbsp;a nuestros&nbsp;<strong>connacionales<\/strong>\u201d, expres\u00f3 la responsable de la pol\u00edtica interior del pa\u00eds, en breves declaraciones al t\u00e9rmino del informe de actividades del presidente de la Mesa Directiva del Senado de la Rep\u00fablica,&nbsp;<strong>Mart\u00ed Batres Guadarrama<\/strong>.<\/p>\n\n\n\n\n\n<p>Dijo que las autoridades&nbsp;<strong>mexicanas<\/strong>&nbsp;est\u00e1n en la tarea de&nbsp;<strong>ordenar<\/strong>&nbsp;a la poblaci\u00f3n migrante, \u201cy s\u00f3lo la que no se ha querido&nbsp;<strong>regularizar<\/strong>&nbsp;es la que estamos&nbsp;<strong>devolviendo<\/strong>\u201d a sus pa\u00edses de origen, y record\u00f3 que el viernes se analiz\u00f3 el problema con siete gobernadores del sur-sureste del pa\u00eds y cinco secretarios de Estado.<\/p>\n\n\n\n\n\n<p>En torno a las versiones de que existen&nbsp;<strong>riesgos<\/strong>para invertir en M\u00e9xico a causa de la&nbsp;<strong>inseguridad<\/strong>&nbsp;y&nbsp;<strong>corrupci\u00f3n<\/strong>, S\u00e1nchez Cordero aclar\u00f3: \u201cyo creo que la&nbsp;<strong>corrupci\u00f3n<\/strong>&nbsp;la estamos tratando de&nbsp;<strong>erradicar<\/strong>, y por supuesto que hay&nbsp;<strong>Estado de derecho<\/strong>&nbsp;en nuestro pa\u00eds para que las&nbsp;<strong>inversiones<\/strong>&nbsp;lleguen\u201d.<\/p>\n\n\n\n<p>En torno a las redadas anunciadas por el presidente estadounidense, en entrevista por separado, el presidente de la Mesa Directiva de la C\u00e1mara de Diputados,&nbsp;<strong>Porfirio Mu\u00f1oz Ledo<\/strong>, subray\u00f3 que \u201c<strong>me opongo radicalmente<\/strong>\u201d.<\/p>\n\n\n\n<p>\u201cEstoy en&nbsp;<strong>contra<\/strong>&nbsp;de cualquier acci\u00f3n de gobierno que&nbsp;<strong>contribuya<\/strong>&nbsp;a los planes de Trump. Est\u00e1n por delante los&nbsp;<strong>tratados internacionales<\/strong>&nbsp;y nada menos que el<strong>&nbsp;Art\u00edculo 11<\/strong>&nbsp;de la Constituci\u00f3n nacional, que&nbsp;<strong>proh\u00edbe<\/strong>&nbsp;<strong>impedir<\/strong>&nbsp;el&nbsp;<strong>tr\u00e1nsito<\/strong>&nbsp;libre de las personas. Eso&nbsp;<strong>no es legal<\/strong>&nbsp;y es&nbsp;<strong>contrario<\/strong>&nbsp;al inter\u00e9s nacional\u201d, expres\u00f3.<\/p>\n\n\n\n<p>El legislador rehus\u00f3 contestar una pregunta sobre si la canciller\u00eda est\u00e1 actuando con lentitud en la defensa de connacionales, y s\u00f3lo apunt\u00f3: \u201cyo no soy juez de ninguna secretar\u00eda de Estado. En ese terreno no me puedo exponer. Yo digo lo que est\u00e1 bien y lo que est\u00e1 mal\u201d.<\/p>\n","protected":false},"excerpt":{"rendered":"<p>La secretaria de Gobernaci\u00f3n,&nbsp;Olga S\u00e1nchez Cordero, afirm\u00f3 que en la dependencia a su cargo estar\u00e1n \u201cmuy&nbsp;pendientes\u201d para proteger a los connacionales, ante el anuncio del presidente de Estados Unidos,&nbsp;Donald Trump, de que el domingo iniciar\u00e1n \u201credadas\u201d contra&nbsp;migrantesindocumentados. \u201cVamos a estar muy pendientes para&nbsp;proteger&nbsp;a nuestros&nbsp;connacionales\u201d, expres\u00f3 la responsable de la pol\u00edtica interior del pa\u00eds, en breves [&hellip;]<\/p>\n","protected":false},"author":1,"featured_media":8054,"comment_status":"open","ping_status":"open","sticky":true,"template":"","format":"standard","meta":{"footnotes":""},"categories":[2],"tags":[],"_links":{"self":[{"href":"https:\/\/diariodigitalmx.com\/index.php\/wp-json\/wp\/v2\/posts\/8051"}],"collection":[{"href":"https:\/\/diariodigitalmx.com\/index.php\/wp-json\/wp\/v2\/posts"}],"about":[{"href":"https:\/\/diariodigitalmx.com\/index.php\/wp-json\/wp\/v2\/types\/post"}],"author":[{"embeddable":true,"href":"https:\/\/diariodigitalmx.com\/index.php\/wp-json\/wp\/v2\/users\/1"}],"replies":[{"embeddable":true,"href":"https:\/\/diariodigitalmx.com\/index.php\/wp-json\/wp\/v2\/comments?post=8051"}],"version-history":[{"count":3,"href":"https:\/\/diariodigitalmx.com\/index.php\/wp-json\/wp\/v2\/posts\/8051\/revisions"}],"predecessor-version":[{"id":8055,"href":"https:\/\/diariodigitalmx.com\/index.php\/wp-json\/wp\/v2\/posts\/8051\/revisions\/8055"}],"wp:featuredmedia":[{"embeddable":true,"href":"https:\/\/diariodigitalmx.com\/index.php\/wp-json\/wp\/v2\/media\/8054"}],"wp:attachment":[{"href":"https:\/\/diariodigitalmx.com\/index.php\/wp-json\/wp\/v2\/media?parent=8051"}],"wp:term":[{"taxonomy":"category","embeddable":true,"href":"https:\/\/diariodigitalmx.com\/index.php\/wp-json\/wp\/v2\/categories?post=8051"},{"taxonomy":"post_tag","embeddable":true,"href":"https:\/\/diariodigitalmx.com\/index.php\/wp-json\/wp\/v2\/tags?post=8051"}],"curies":[{"name":"wp","href":"https:\/\/api.w.org\/{rel}","templated":true}]}}