{"id":807,"date":"2019-03-04T15:38:15","date_gmt":"2019-03-04T21:38:15","guid":{"rendered":"http:\/\/diariodigitalmx.com\/?p=807"},"modified":"2019-03-04T15:38:17","modified_gmt":"2019-03-04T21:38:17","slug":"por-que-llaman-a-emma-coronel-la-kardashian-de-sinaloa","status":"publish","type":"post","link":"https:\/\/diariodigitalmx.com\/index.php\/2019\/03\/04\/por-que-llaman-a-emma-coronel-la-kardashian-de-sinaloa\/","title":{"rendered":"\u00bfPor qu\u00e9 llaman a Emma Coronel la \u201cKardashian de Sinaloa\u201d?"},"content":{"rendered":"\n<p><a rel=\"noreferrer noopener\" target=\"_blank\" href=\"https:\/\/eldiariony.com\/tema\/emma-coronel\/\"><strong>Emma Coronel<\/strong><\/a>, la tercera esposa de&nbsp;<a rel=\"noreferrer noopener\" target=\"_blank\" href=\"https:\/\/eldiariony.com\/tema\/chapo-guzman\/\"><strong>Joaqu\u00edn \u201cEl Chapo\u201d Guzm\u00e1n Loera<\/strong><\/a>, era conocida en la Corte Federal de Brooklyn como la \u201cKardashian de Sinaloa\u201d.<\/p>\n\n\n\n<p>Los medios estadounidenses se encargaron de darle ese apodo, debido a su torneada figura y su rostro cercano al de las&nbsp;<strong>Kardashian<\/strong>, que han construido un imperio con base en \u201creality shows\u201d y son muy populares en Instagram \u2013donde tambi\u00e9n lo es Coronel\u2013, pero esta semana el diario&nbsp;<em>El Pa\u00eds<\/em>&nbsp;se refiri\u00f3 a ella de la misma forma.<\/p>\n\n\n\n<p>En el perfil de la joven de 29 a\u00f1os, quien tiene unas gemelas con Guzm\u00e1n Loera, se destacan los atuendos de dise\u00f1ador que ella visti\u00f3 en la Corte, a donde acudi\u00f3 pr\u00e1cticamente todos los d\u00edas.<\/p>\n\n\n\n<p><strong>\u201cLa gran pregunta que circul\u00f3 desde el inicio del juicio era si Emma Coronel\u2026 estaba siendo utilizada para distraer la atenci\u00f3n\u201d<\/strong>, dice el texto del peri\u00f3dico espa\u00f1ol.&nbsp;<strong>\u201cElla coment\u00f3 que hac\u00eda lo que har\u00eda cualquier otra esposa en su situaci\u00f3n, \u2018estar con su marido en momentos dif\u00edciles&#8217;\u201d.<\/strong><\/p>\n\n\n\n<p>Coronel entraba a la sala principal donde se realizaba el juicio pasadas las 09:30 a.m., cuando pr\u00e1cticamente todos los asistentes estaban dentro, y cada que llegaba las miradas se posaban sobre ella, para descubir qu\u00e9 zapatillas llevaba, el color de sus jeans (casi siempre estilo leggins), la blusa que vest\u00eda y sus abrigos.<\/p>\n\n\n\n<p>Siempre hab\u00eda un atuendo que llamara la atenci\u00f3n, ya fuera por el corte o por el color, como ocurri\u00f3 cuando ella y su esposo utilizaron sacos de terciopelo color vino, y cuando ella lleg\u00f3 vestida con un abrigo amarillo y luego uno verde, rompiendo con su estilo de tonos oscuros que ella misma hab\u00eda impuesto.<\/p>\n\n\n\n<p>Esta semana, Coronel public\u00f3 una foto con un mensaje que medios de EEUU consideraron extra\u00f1o: \u201cYa no sales, no mensajeas ni llamas a nadie. \u00bfQu\u00e9 haces en tu casa que es tan importante?\u201d El \u201cmeme\u201d ten\u00eda a la Rana Ren\u00e9, personaje de&nbsp;<em>Plaza S\u00e9samo<\/em>&nbsp;(<em>Sesame Street<\/em>) acostada en la cama con la palabra \u201cyo\u201d.<\/p>\n\n\n\n<p>La pr\u00f3xima cita de Coronel ser\u00e1 el 25 de junio, cuando se dicte sentencia a su esposo, Guzm\u00e1n Loera.<\/p>\n","protected":false},"excerpt":{"rendered":"<p>Emma Coronel, la tercera esposa de&nbsp;Joaqu\u00edn \u201cEl Chapo\u201d Guzm\u00e1n Loera, era conocida en la Corte Federal de Brooklyn como la \u201cKardashian de Sinaloa\u201d. Los medios estadounidenses se encargaron de darle ese apodo, debido a su torneada figura y su rostro cercano al de las&nbsp;Kardashian, que han construido un imperio con base en \u201creality shows\u201d y [&hellip;]<\/p>\n","protected":false},"author":1,"featured_media":808,"comment_status":"open","ping_status":"open","sticky":true,"template":"","format":"standard","meta":{"footnotes":""},"categories":[4],"tags":[],"_links":{"self":[{"href":"https:\/\/diariodigitalmx.com\/index.php\/wp-json\/wp\/v2\/posts\/807"}],"collection":[{"href":"https:\/\/diariodigitalmx.com\/index.php\/wp-json\/wp\/v2\/posts"}],"about":[{"href":"https:\/\/diariodigitalmx.com\/index.php\/wp-json\/wp\/v2\/types\/post"}],"author":[{"embeddable":true,"href":"https:\/\/diariodigitalmx.com\/index.php\/wp-json\/wp\/v2\/users\/1"}],"replies":[{"embeddable":true,"href":"https:\/\/diariodigitalmx.com\/index.php\/wp-json\/wp\/v2\/comments?post=807"}],"version-history":[{"count":1,"href":"https:\/\/diariodigitalmx.com\/index.php\/wp-json\/wp\/v2\/posts\/807\/revisions"}],"predecessor-version":[{"id":809,"href":"https:\/\/diariodigitalmx.com\/index.php\/wp-json\/wp\/v2\/posts\/807\/revisions\/809"}],"wp:featuredmedia":[{"embeddable":true,"href":"https:\/\/diariodigitalmx.com\/index.php\/wp-json\/wp\/v2\/media\/808"}],"wp:attachment":[{"href":"https:\/\/diariodigitalmx.com\/index.php\/wp-json\/wp\/v2\/media?parent=807"}],"wp:term":[{"taxonomy":"category","embeddable":true,"href":"https:\/\/diariodigitalmx.com\/index.php\/wp-json\/wp\/v2\/categories?post=807"},{"taxonomy":"post_tag","embeddable":true,"href":"https:\/\/diariodigitalmx.com\/index.php\/wp-json\/wp\/v2\/tags?post=807"}],"curies":[{"name":"wp","href":"https:\/\/api.w.org\/{rel}","templated":true}]}}