{"id":8081,"date":"2019-07-14T12:47:50","date_gmt":"2019-07-14T17:47:50","guid":{"rendered":"http:\/\/diariodigitalmx.com\/?p=8081"},"modified":"2019-07-14T12:47:54","modified_gmt":"2019-07-14T17:47:54","slug":"esta-mexico-preparado-para-recibir-a-deportados","status":"publish","type":"post","link":"https:\/\/diariodigitalmx.com\/index.php\/2019\/07\/14\/esta-mexico-preparado-para-recibir-a-deportados\/","title":{"rendered":"Est\u00e1 M\u00e9xico preparado para recibir a deportados"},"content":{"rendered":"\n<p>A pesar de que se espera una gran cantidad de personas, Marcelo Ebrard asegur\u00f3 que &#8220;estamos listos para recibir a los deportados&#8221;, situaci\u00f3n por la que no se encuentra preocupado, revel\u00f3.<\/p>\n\n\n\n<p>Sin embargo, destac\u00f3 que se debe esperar a el d\u00eda de ma\u00f1ana para conocer sobre c\u00f3mo se ha ido desarrollando la situaci\u00f3n y conforme a lo registrado, implementar otras medidas.<\/p>\n\n\n\n<p>Por otra parte, el titular de la SRE, asegur\u00f3 que trabajan en un programa ordenado por el presidente L\u00f3pez Obrador, en el que participa el Instituto Nacional de Migraci\u00f3n (INM) y la Secretar\u00eda del Trabajo para recibir a los connacionales afectados por las rodadas en Estados Unidos.<\/p>\n\n\n\n<p>Asimismo asegur\u00f3 que se apoyar\u00e1 a los mexicanos que sean deportados, no importa si son reportados o repatriados, se les brindar\u00e1 posibilidades de trabajo y tendr\u00e1n el mismo trato.<\/p>\n","protected":false},"excerpt":{"rendered":"<p>A pesar de que se espera una gran cantidad de personas, Marcelo Ebrard asegur\u00f3 que &#8220;estamos listos para recibir a los deportados&#8221;, situaci\u00f3n por la que no se encuentra preocupado, revel\u00f3. Sin embargo, destac\u00f3 que se debe esperar a el d\u00eda de ma\u00f1ana para conocer sobre c\u00f3mo se ha ido desarrollando la situaci\u00f3n y conforme [&hellip;]<\/p>\n","protected":false},"author":1,"featured_media":8083,"comment_status":"open","ping_status":"open","sticky":true,"template":"","format":"standard","meta":{"footnotes":""},"categories":[2],"tags":[],"_links":{"self":[{"href":"https:\/\/diariodigitalmx.com\/index.php\/wp-json\/wp\/v2\/posts\/8081"}],"collection":[{"href":"https:\/\/diariodigitalmx.com\/index.php\/wp-json\/wp\/v2\/posts"}],"about":[{"href":"https:\/\/diariodigitalmx.com\/index.php\/wp-json\/wp\/v2\/types\/post"}],"author":[{"embeddable":true,"href":"https:\/\/diariodigitalmx.com\/index.php\/wp-json\/wp\/v2\/users\/1"}],"replies":[{"embeddable":true,"href":"https:\/\/diariodigitalmx.com\/index.php\/wp-json\/wp\/v2\/comments?post=8081"}],"version-history":[{"count":1,"href":"https:\/\/diariodigitalmx.com\/index.php\/wp-json\/wp\/v2\/posts\/8081\/revisions"}],"predecessor-version":[{"id":8082,"href":"https:\/\/diariodigitalmx.com\/index.php\/wp-json\/wp\/v2\/posts\/8081\/revisions\/8082"}],"wp:featuredmedia":[{"embeddable":true,"href":"https:\/\/diariodigitalmx.com\/index.php\/wp-json\/wp\/v2\/media\/8083"}],"wp:attachment":[{"href":"https:\/\/diariodigitalmx.com\/index.php\/wp-json\/wp\/v2\/media?parent=8081"}],"wp:term":[{"taxonomy":"category","embeddable":true,"href":"https:\/\/diariodigitalmx.com\/index.php\/wp-json\/wp\/v2\/categories?post=8081"},{"taxonomy":"post_tag","embeddable":true,"href":"https:\/\/diariodigitalmx.com\/index.php\/wp-json\/wp\/v2\/tags?post=8081"}],"curies":[{"name":"wp","href":"https:\/\/api.w.org\/{rel}","templated":true}]}}