{"id":8115,"date":"2019-07-14T16:17:11","date_gmt":"2019-07-14T21:17:11","guid":{"rendered":"http:\/\/diariodigitalmx.com\/?p=8115"},"modified":"2019-07-14T16:18:08","modified_gmt":"2019-07-14T21:18:08","slug":"queremos-ser-parte-de-la-solucion-y-no-el-problema-del-comercio-ambulante-croc-de-nuevo-leon","status":"publish","type":"post","link":"https:\/\/diariodigitalmx.com\/index.php\/2019\/07\/14\/queremos-ser-parte-de-la-solucion-y-no-el-problema-del-comercio-ambulante-croc-de-nuevo-leon\/","title":{"rendered":"&#8220;Queremos ser parte de la soluci\u00f3n y no el problema del comercio ambulante&#8221;: CROC de Nuevo Le\u00f3n"},"content":{"rendered":"\n<p>Por Francisco J Pe\u00f1a Medina<\/p>\n\n\n\n<p>Con el prop\u00f3sito de ser parte de la soluci\u00f3n y no del problema en el  reordenamiento de vendedores en la v\u00eda p\u00fablica que realiza el municipio de Monterrey,  los<br>\ncomerciantes informales agremiados a la CROC de Nuevo Le\u00f3n, colaboran con las autoridades en este proceso, pero adem\u00e1s, se  preparan ante la Secretaria de Hacienda para pasar de la informalidad a la formalidad.<\/p>\n\n\n\n<p>\u201cLa verdad sea dicha, los compa\u00f1eros organizados que pertenecen a la CROC siempre hemos estado dentro del orden en favor de la ciudadan\u00eda, hoy tenemos un dialogo permanente, a partir de los nuevos operativos que ha iniciado el municipio y hemos entendido que la ciudad requiere tener orden despu\u00e9s de la anarqu\u00eda que hab\u00eda en las calles\u201d, manifest\u00f3 Gilberto V\u00e1squez Muro.<\/p>\n\n\n\n<p>El Secretario General de la central obrera en Monterrey y l\u00edder de la Confederaci\u00f3n de Trabajadores No Asalariados croquista, reconoci\u00f3 que en principio el programa de reordenaci\u00f3n del comercio informal emprendido por el Ayuntamiento regio provoco molestias entre algunos de sus representados, sin embargo dijo finalmente entendieron que las calles pertenecen a la ciudadan\u00eda.<\/p>\n\n\n\n<figure class=\"wp-block-image\"><img loading=\"lazy\" decoding=\"async\" width=\"480\" height=\"212\" src=\"http:\/\/diariodigitalmx.com\/wp-content\/uploads\/2019\/07\/IMG-20190714-WA0005.jpg\" alt=\"\" class=\"wp-image-8118\" srcset=\"https:\/\/diariodigitalmx.com\/wp-content\/uploads\/2019\/07\/IMG-20190714-WA0005.jpg 480w, https:\/\/diariodigitalmx.com\/wp-content\/uploads\/2019\/07\/IMG-20190714-WA0005-300x133.jpg 300w\" sizes=\"(max-width: 480px) 100vw, 480px\" \/><\/figure>\n\n\n\n<p>\u201cY bueno nuestros compa\u00f1eros est\u00e1n en la mejor disposici\u00f3n de ser una parte de la soluci\u00f3n en el problema que prevalece en la v\u00eda publica y estamos en la mejor disposici\u00f3n de colaborar y participar en la soluci\u00f3n con las autoridades que encabeza el licenciado Adrian, creo que esto tambi\u00e9n va ser para el bien de los ciudadanos, siempre hemos entendido que las calles son de la ciudad de los ciudadanos\u201d, precis\u00f3 el dirigente sindical.<\/p>\n\n\n\n<p>V\u00e1squez Muro reitero que la CROC colabora en forma coordinada y a trav\u00e9s de un dialogo respetuoso con la Direcci\u00f3n de Comercio de Monterrey a fin de cerrar un ciclo de anarqu\u00eda que anteriormente exist\u00eda en las calles del centro de Monterrey por la proliferaci\u00f3n desordenada de vendedores en la v\u00eda publica.<\/p>\n\n\n\n<p>\u201cHay un dialogo permanente y hemos entendido lo que quiere la autoridad con esta nueva forma de reordenaci\u00f3n y nuestros compa\u00f1eros  han entendido que las avenidas hay que dejarlas libres, en ese sentido ya se reordenaron en calles trasversales con el orden y la limpieza que siempre nos ha caracterizado\u201d, expres\u00f3.<\/p>\n\n\n\n<p>El croquista propuso como soluci\u00f3n al problema del ambulantaje reubicar a los comerciantes informales a zonas fuera del primer cuadro de la ciudad, incluso en colonias donde residan los mismos vendedores y se pronuncio por reforzar los programas con la federaci\u00f3n para llevar a la formalidad a este sector de la econom\u00eda, esfuerzo que actualmente realiza la CROC de Nuevo Le\u00f3n.<\/p>\n\n\n\n<figure class=\"wp-block-image\"><img loading=\"lazy\" decoding=\"async\" width=\"630\" height=\"486\" src=\"http:\/\/diariodigitalmx.com\/wp-content\/uploads\/2019\/07\/images-1-9.jpeg\" alt=\"\" class=\"wp-image-8120\" srcset=\"https:\/\/diariodigitalmx.com\/wp-content\/uploads\/2019\/07\/images-1-9.jpeg 630w, https:\/\/diariodigitalmx.com\/wp-content\/uploads\/2019\/07\/images-1-9-300x231.jpeg 300w\" sizes=\"(max-width: 630px) 100vw, 630px\" \/><\/figure>\n","protected":false},"excerpt":{"rendered":"<p>Por Francisco J Pe\u00f1a Medina Con el prop\u00f3sito de ser parte de la soluci\u00f3n y no del problema en el reordenamiento de vendedores en la v\u00eda p\u00fablica que realiza el municipio de Monterrey, los comerciantes informales agremiados a la CROC de Nuevo Le\u00f3n, colaboran con las autoridades en este proceso, pero adem\u00e1s, se preparan ante [&hellip;]<\/p>\n","protected":false},"author":1,"featured_media":8117,"comment_status":"open","ping_status":"open","sticky":true,"template":"","format":"standard","meta":{"footnotes":""},"categories":[6],"tags":[],"_links":{"self":[{"href":"https:\/\/diariodigitalmx.com\/index.php\/wp-json\/wp\/v2\/posts\/8115"}],"collection":[{"href":"https:\/\/diariodigitalmx.com\/index.php\/wp-json\/wp\/v2\/posts"}],"about":[{"href":"https:\/\/diariodigitalmx.com\/index.php\/wp-json\/wp\/v2\/types\/post"}],"author":[{"embeddable":true,"href":"https:\/\/diariodigitalmx.com\/index.php\/wp-json\/wp\/v2\/users\/1"}],"replies":[{"embeddable":true,"href":"https:\/\/diariodigitalmx.com\/index.php\/wp-json\/wp\/v2\/comments?post=8115"}],"version-history":[{"count":3,"href":"https:\/\/diariodigitalmx.com\/index.php\/wp-json\/wp\/v2\/posts\/8115\/revisions"}],"predecessor-version":[{"id":8121,"href":"https:\/\/diariodigitalmx.com\/index.php\/wp-json\/wp\/v2\/posts\/8115\/revisions\/8121"}],"wp:featuredmedia":[{"embeddable":true,"href":"https:\/\/diariodigitalmx.com\/index.php\/wp-json\/wp\/v2\/media\/8117"}],"wp:attachment":[{"href":"https:\/\/diariodigitalmx.com\/index.php\/wp-json\/wp\/v2\/media?parent=8115"}],"wp:term":[{"taxonomy":"category","embeddable":true,"href":"https:\/\/diariodigitalmx.com\/index.php\/wp-json\/wp\/v2\/categories?post=8115"},{"taxonomy":"post_tag","embeddable":true,"href":"https:\/\/diariodigitalmx.com\/index.php\/wp-json\/wp\/v2\/tags?post=8115"}],"curies":[{"name":"wp","href":"https:\/\/api.w.org\/{rel}","templated":true}]}}