{"id":8122,"date":"2019-07-14T18:54:48","date_gmt":"2019-07-14T23:54:48","guid":{"rendered":"http:\/\/diariodigitalmx.com\/?p=8122"},"modified":"2019-07-14T18:55:22","modified_gmt":"2019-07-14T23:55:22","slug":"embarazos-en-adolescentes-requiere-de-politicas-publicas-y-programas-de-gobierno-lupita-rodriguez","status":"publish","type":"post","link":"https:\/\/diariodigitalmx.com\/index.php\/2019\/07\/14\/embarazos-en-adolescentes-requiere-de-politicas-publicas-y-programas-de-gobierno-lupita-rodriguez\/","title":{"rendered":"Embarazos en adolescentes, requiere de pol\u00edticas p\u00fablicas y programas de gobierno: Lupita Rodr\u00edguez"},"content":{"rendered":"\n<p>Monterrey, N.  Las consecuencias sociales y econ\u00f3micas de los embarazos adolescentes en Me\u0301xico no son menores, inform\u00f3 la diputada Lupita Rodr\u00edguez Mart\u00ednez.<\/p>\n\n\n\n<p>Se\u00f1al\u00f3 que de acuerdo con el Banco Mundial, Me\u0301xico ocupa la primera posicio\u0301n entre los pai\u0301ses miembros de la OCDE, con la tasa ma\u0301s alta de embarazos por cada mil adolescentes de 15 a 19 an\u0303os.<\/p>\n\n\n\n<p>Dijo que en el 2018 se registraron en M\u00e9xico 11,756 nacimientos de madres menores de 14 an\u0303os.<\/p>\n\n\n\n<p>\u201cMientras que entre las adolescentes de 15 a 19 a\u00f1os se registraron ma\u0301s de 385 mil nacimientos\u201d, refiri\u00f3.<\/p>\n\n\n\n<p>Frente a este contexto, dio a conocer que el Partido del Trabajo lleva a cabo un investigaci\u00f3n a nivel nacional para analizar la relacio\u0301n entre embarazos adolescentes y bienestar socioecono\u0301mico.<\/p>\n\n\n\n<p>Lo anterior, a trave\u0301s de un detallado perfil del universo de madres de familia, con base a la informacio\u0301n que la Secretar\u00eda de Salud emiti\u00f3 el septiembre de 2018. <\/p>\n\n\n\n<p>Asimismo, de acuerdo con los resultados de la Encuesta Nacional de Ocupacio\u0301n y Empleo difundida por el INEGI y la cual es una muestra representativa sobre la poblacio\u0301n econo\u0301micamente activa en el pai\u0301s.<\/p>\n\n\n\n<p>Por \u00faltimo, Rodr\u00edguez Mart\u00ednez expuso que con base en los resultados que arroje esta investigacio\u0301n, el PT propondr\u00e1 algunas poli\u0301ticas pu\u0301blicas y programas de gobierno que permitan disminuir los embarazos en la adolescencia.<\/p>\n\n\n\n<p>\u201cNuestra lucha es por las mujeres, pero para que verdaderamente puedan tener un empoderamiento real en la sociedad y un rol ma\u0301s favorable en su desarrollo personal y profesional\u201d, dijo.<\/p>\n\n\n\n<figure class=\"wp-block-image\"><img loading=\"lazy\" decoding=\"async\" width=\"1024\" height=\"958\" src=\"http:\/\/diariodigitalmx.com\/wp-content\/uploads\/2019\/07\/IMG-20190714-WA0007-1024x958.jpg\" alt=\"\" class=\"wp-image-8126\" srcset=\"https:\/\/diariodigitalmx.com\/wp-content\/uploads\/2019\/07\/IMG-20190714-WA0007-1024x958.jpg 1024w, https:\/\/diariodigitalmx.com\/wp-content\/uploads\/2019\/07\/IMG-20190714-WA0007-300x281.jpg 300w, https:\/\/diariodigitalmx.com\/wp-content\/uploads\/2019\/07\/IMG-20190714-WA0007-768x719.jpg 768w, https:\/\/diariodigitalmx.com\/wp-content\/uploads\/2019\/07\/IMG-20190714-WA0007.jpg 1280w\" sizes=\"(max-width: 1024px) 100vw, 1024px\" \/><\/figure>\n","protected":false},"excerpt":{"rendered":"<p>Monterrey, N. Las consecuencias sociales y econ\u00f3micas de los embarazos adolescentes en Me\u0301xico no son menores, inform\u00f3 la diputada Lupita Rodr\u00edguez Mart\u00ednez. Se\u00f1al\u00f3 que de acuerdo con el Banco Mundial, Me\u0301xico ocupa la primera posicio\u0301n entre los pai\u0301ses miembros de la OCDE, con la tasa ma\u0301s alta de embarazos por cada mil adolescentes de 15 [&hellip;]<\/p>\n","protected":false},"author":1,"featured_media":8125,"comment_status":"open","ping_status":"open","sticky":true,"template":"","format":"standard","meta":{"footnotes":""},"categories":[6],"tags":[],"_links":{"self":[{"href":"https:\/\/diariodigitalmx.com\/index.php\/wp-json\/wp\/v2\/posts\/8122"}],"collection":[{"href":"https:\/\/diariodigitalmx.com\/index.php\/wp-json\/wp\/v2\/posts"}],"about":[{"href":"https:\/\/diariodigitalmx.com\/index.php\/wp-json\/wp\/v2\/types\/post"}],"author":[{"embeddable":true,"href":"https:\/\/diariodigitalmx.com\/index.php\/wp-json\/wp\/v2\/users\/1"}],"replies":[{"embeddable":true,"href":"https:\/\/diariodigitalmx.com\/index.php\/wp-json\/wp\/v2\/comments?post=8122"}],"version-history":[{"count":3,"href":"https:\/\/diariodigitalmx.com\/index.php\/wp-json\/wp\/v2\/posts\/8122\/revisions"}],"predecessor-version":[{"id":8127,"href":"https:\/\/diariodigitalmx.com\/index.php\/wp-json\/wp\/v2\/posts\/8122\/revisions\/8127"}],"wp:featuredmedia":[{"embeddable":true,"href":"https:\/\/diariodigitalmx.com\/index.php\/wp-json\/wp\/v2\/media\/8125"}],"wp:attachment":[{"href":"https:\/\/diariodigitalmx.com\/index.php\/wp-json\/wp\/v2\/media?parent=8122"}],"wp:term":[{"taxonomy":"category","embeddable":true,"href":"https:\/\/diariodigitalmx.com\/index.php\/wp-json\/wp\/v2\/categories?post=8122"},{"taxonomy":"post_tag","embeddable":true,"href":"https:\/\/diariodigitalmx.com\/index.php\/wp-json\/wp\/v2\/tags?post=8122"}],"curies":[{"name":"wp","href":"https:\/\/api.w.org\/{rel}","templated":true}]}}