{"id":8149,"date":"2019-07-15T10:17:41","date_gmt":"2019-07-15T15:17:41","guid":{"rendered":"http:\/\/diariodigitalmx.com\/?p=8149"},"modified":"2019-07-15T10:20:05","modified_gmt":"2019-07-15T15:20:05","slug":"no-hay-mexicanos-deportados-masivamente-confirma-presidencia-de-mexico","status":"publish","type":"post","link":"https:\/\/diariodigitalmx.com\/index.php\/2019\/07\/15\/no-hay-mexicanos-deportados-masivamente-confirma-presidencia-de-mexico\/","title":{"rendered":"No hay mexicanos deportados masivamente, confirma presidencia de M\u00e9xico"},"content":{"rendered":"\n<p><em>El Presidente L\u00f3pez Obrador afirm\u00f3 que est\u00e1n al pendiente y apoyando a los mil 800 mexicanos que podr\u00edan ser deportados; descart\u00f3 el env\u00edo de nota diplom\u00e1tica al gobierno de Estados Unidos como parte de las acciones en apoyo a migrantes mexicanos.<\/em><\/p>\n\n\n\n<p>&nbsp;<a href=\"https:\/\/twitter.com\/lopezobrador_\"><strong>Andr\u00e9s Manuel L\u00f3pez Obrador<\/strong><\/a>confirm\u00f3 hoy que hasta ahora no ha habido mexicanos deportados por las redadas de Estados Unidos contra migrantes indocumentados, y dijo que su gobierno est\u00e1 pendiente para apoyar a en caso de que se dieran retornos forzados al pa\u00eds.<\/p>\n\n\n\n<p>\u201cEstamos pendientes, apoy\u00e1ndolos y en caso de que se diera esa deportaci\u00f3n, estar\u00edamos d\u00e1ndoles soluciones y alternativas\u201d, dijo en su conferencia de prensa matutina en Palacio Nacional, luego de se\u00f1alar que alrededor de mil 800 migrantes mexicanos estar\u00edan en ese riesgo.<\/p>\n\n\n\n<p><strong>L\u00f3pez Obrador<\/strong>&nbsp;descart\u00f3 el env\u00edo de nota diplom\u00e1tica al gobierno de Estados Unidos como parte de las acciones en apoyo a migrantes mexicanos por las redadas.<\/p>\n\n\n\n<p>Asimismo, el presidente se\u00f1al\u00f3 que la situaci\u00f3n sobre los migrantes se ha ido normalizando y que hay una disminuci\u00f3n en el n\u00famero de deportados o detenidos en Estados Unidos del orden del 30 por ciento, en relaci\u00f3n a lo que suced\u00eda antes del acuerdo con M\u00e9xico.<\/p>\n\n\n\n<p>\u201cDe modo que son buenos los resultados, no ha habido violaci\u00f3n de derechos humanos y ya est\u00e1 en marcha el plan de creaci\u00f3n de empleos\u201d, a\u00f1adi\u00f3.<\/p>\n\n\n\n<p><\/p>\n","protected":false},"excerpt":{"rendered":"<p>El Presidente L\u00f3pez Obrador afirm\u00f3 que est\u00e1n al pendiente y apoyando a los mil 800 mexicanos que podr\u00edan ser deportados; descart\u00f3 el env\u00edo de nota diplom\u00e1tica al gobierno de Estados Unidos como parte de las acciones en apoyo a migrantes mexicanos. &nbsp;Andr\u00e9s Manuel L\u00f3pez Obradorconfirm\u00f3 hoy que hasta ahora no ha habido mexicanos deportados por [&hellip;]<\/p>\n","protected":false},"author":1,"featured_media":8153,"comment_status":"open","ping_status":"open","sticky":true,"template":"","format":"standard","meta":{"footnotes":""},"categories":[2],"tags":[],"_links":{"self":[{"href":"https:\/\/diariodigitalmx.com\/index.php\/wp-json\/wp\/v2\/posts\/8149"}],"collection":[{"href":"https:\/\/diariodigitalmx.com\/index.php\/wp-json\/wp\/v2\/posts"}],"about":[{"href":"https:\/\/diariodigitalmx.com\/index.php\/wp-json\/wp\/v2\/types\/post"}],"author":[{"embeddable":true,"href":"https:\/\/diariodigitalmx.com\/index.php\/wp-json\/wp\/v2\/users\/1"}],"replies":[{"embeddable":true,"href":"https:\/\/diariodigitalmx.com\/index.php\/wp-json\/wp\/v2\/comments?post=8149"}],"version-history":[{"count":2,"href":"https:\/\/diariodigitalmx.com\/index.php\/wp-json\/wp\/v2\/posts\/8149\/revisions"}],"predecessor-version":[{"id":8151,"href":"https:\/\/diariodigitalmx.com\/index.php\/wp-json\/wp\/v2\/posts\/8149\/revisions\/8151"}],"wp:featuredmedia":[{"embeddable":true,"href":"https:\/\/diariodigitalmx.com\/index.php\/wp-json\/wp\/v2\/media\/8153"}],"wp:attachment":[{"href":"https:\/\/diariodigitalmx.com\/index.php\/wp-json\/wp\/v2\/media?parent=8149"}],"wp:term":[{"taxonomy":"category","embeddable":true,"href":"https:\/\/diariodigitalmx.com\/index.php\/wp-json\/wp\/v2\/categories?post=8149"},{"taxonomy":"post_tag","embeddable":true,"href":"https:\/\/diariodigitalmx.com\/index.php\/wp-json\/wp\/v2\/tags?post=8149"}],"curies":[{"name":"wp","href":"https:\/\/api.w.org\/{rel}","templated":true}]}}