{"id":8162,"date":"2019-07-15T17:34:49","date_gmt":"2019-07-15T22:34:49","guid":{"rendered":"http:\/\/diariodigitalmx.com\/?p=8162"},"modified":"2019-07-15T17:34:52","modified_gmt":"2019-07-15T22:34:52","slug":"mexico-no-limitara-asilo-a-migrantes-no-esta-de-acuerdo-con-la-medida-de-eu","status":"publish","type":"post","link":"https:\/\/diariodigitalmx.com\/index.php\/2019\/07\/15\/mexico-no-limitara-asilo-a-migrantes-no-esta-de-acuerdo-con-la-medida-de-eu\/","title":{"rendered":"M\u00e9xico no limitar\u00e1 asilo a migrantes; no est\u00e1 de acuerdo con la medida de EU"},"content":{"rendered":"\n<p>El secretario de Relaciones Exteriores, Marcelo Ebrard, expres\u00f3 el desacuerdo del gobierno mexicano con&nbsp;la nueva medida anunciada por Estados Unidos para limitar el otorgamiento de asilo.<\/p>\n\n\n\n<p>En conferencia de prensa, se refiri\u00f3 a la disposici\u00f3n de Washington pero dijo que no afectar\u00e1 a M\u00e9xico, naci\u00f3n que mantendr\u00e1 su pol\u00edtica en pro del refugio a quienes temen por su vida en sus pa\u00edses de origen.<\/p>\n\n\n\n<p>Estados Unidos anunci\u00f3 que comenzar\u00e1 a aplicar ma\u00f1ana martes una nueva regulaci\u00f3n migratoria que impedir\u00e1 a los solicitantes de asilo que crucen la frontera con M\u00e9xico ser elegibles para ese amparo si antes no pidieron protecci\u00f3n en un tercer pa\u00eds.<\/p>\n\n\n\n<p>Por otra parre, Ebrard asegur\u00f3 que hasta ahora no hay reportes de mexicanos deportados&nbsp;del vecino pa\u00eds del norte en el marco de las redadas lanzadas por el gobierno de Donald Trump.<\/p>\n","protected":false},"excerpt":{"rendered":"<p>El secretario de Relaciones Exteriores, Marcelo Ebrard, expres\u00f3 el desacuerdo del gobierno mexicano con&nbsp;la nueva medida anunciada por Estados Unidos para limitar el otorgamiento de asilo. En conferencia de prensa, se refiri\u00f3 a la disposici\u00f3n de Washington pero dijo que no afectar\u00e1 a M\u00e9xico, naci\u00f3n que mantendr\u00e1 su pol\u00edtica en pro del refugio a quienes [&hellip;]<\/p>\n","protected":false},"author":1,"featured_media":8164,"comment_status":"open","ping_status":"open","sticky":true,"template":"","format":"standard","meta":{"footnotes":""},"categories":[2],"tags":[],"_links":{"self":[{"href":"https:\/\/diariodigitalmx.com\/index.php\/wp-json\/wp\/v2\/posts\/8162"}],"collection":[{"href":"https:\/\/diariodigitalmx.com\/index.php\/wp-json\/wp\/v2\/posts"}],"about":[{"href":"https:\/\/diariodigitalmx.com\/index.php\/wp-json\/wp\/v2\/types\/post"}],"author":[{"embeddable":true,"href":"https:\/\/diariodigitalmx.com\/index.php\/wp-json\/wp\/v2\/users\/1"}],"replies":[{"embeddable":true,"href":"https:\/\/diariodigitalmx.com\/index.php\/wp-json\/wp\/v2\/comments?post=8162"}],"version-history":[{"count":2,"href":"https:\/\/diariodigitalmx.com\/index.php\/wp-json\/wp\/v2\/posts\/8162\/revisions"}],"predecessor-version":[{"id":8165,"href":"https:\/\/diariodigitalmx.com\/index.php\/wp-json\/wp\/v2\/posts\/8162\/revisions\/8165"}],"wp:featuredmedia":[{"embeddable":true,"href":"https:\/\/diariodigitalmx.com\/index.php\/wp-json\/wp\/v2\/media\/8164"}],"wp:attachment":[{"href":"https:\/\/diariodigitalmx.com\/index.php\/wp-json\/wp\/v2\/media?parent=8162"}],"wp:term":[{"taxonomy":"category","embeddable":true,"href":"https:\/\/diariodigitalmx.com\/index.php\/wp-json\/wp\/v2\/categories?post=8162"},{"taxonomy":"post_tag","embeddable":true,"href":"https:\/\/diariodigitalmx.com\/index.php\/wp-json\/wp\/v2\/tags?post=8162"}],"curies":[{"name":"wp","href":"https:\/\/api.w.org\/{rel}","templated":true}]}}