{"id":8194,"date":"2019-07-15T21:30:41","date_gmt":"2019-07-16T02:30:41","guid":{"rendered":"http:\/\/diariodigitalmx.com\/?p=8194"},"modified":"2019-07-15T21:36:51","modified_gmt":"2019-07-16T02:36:51","slug":"asume-adrian-moreira-dirigencia-del-movimiento-territorial-del-pri-en-nuevo-leon","status":"publish","type":"post","link":"https:\/\/diariodigitalmx.com\/index.php\/2019\/07\/15\/asume-adrian-moreira-dirigencia-del-movimiento-territorial-del-pri-en-nuevo-leon\/","title":{"rendered":"Asume Adri\u00e1n Moreira, dirigencia del Movimiento Territorial del PRI en Nuevo Le\u00f3n"},"content":{"rendered":"\n<p>Adri\u00e1n Moreira quien fuera diputado local por el Partido Revolucionario Institucional durante la legislatura anterior rindi\u00f3 protesta como dirigente ante el dirigente nacional del Movimiento, Jos\u00e9 Eduardo Calzada Rovirosa quien anteriormente fuera Senador y Gobernador del Estado de Quer\u00e9taro.<br><\/p>\n\n\n\n<p>El nuevo dirigente agradeci\u00f3 la confianza que brindada por \u00a0Calzada Rovirosa e hizo una menci\u00f3n especial a Pedro Pablo Trevi\u00f1o, dirigente del Comit\u00e9 Directivo el PRI en Nuevo Le\u00f3n a quien reconoci\u00f3 como un gran l\u00edder y a resalt\u00f3 su trabajo al frente del priismo del Estado.<\/p>\n\n\n\n<p><br><\/p>\n\n\n\n<figure class=\"wp-block-image\"><img loading=\"lazy\" decoding=\"async\" width=\"852\" height=\"832\" src=\"http:\/\/diariodigitalmx.com\/wp-content\/uploads\/2019\/07\/IMG-20190715-WA00102-1.jpg\" alt=\"\" class=\"wp-image-8204\" srcset=\"https:\/\/diariodigitalmx.com\/wp-content\/uploads\/2019\/07\/IMG-20190715-WA00102-1.jpg 852w, https:\/\/diariodigitalmx.com\/wp-content\/uploads\/2019\/07\/IMG-20190715-WA00102-1-300x293.jpg 300w, https:\/\/diariodigitalmx.com\/wp-content\/uploads\/2019\/07\/IMG-20190715-WA00102-1-768x750.jpg 768w\" sizes=\"(max-width: 852px) 100vw, 852px\" \/><\/figure>\n\n\n\n<p>En cuanto a su toma de protesta, Moreira coment\u00f3: \u201cEst\u00e1 es una gran responsabilidad para mi, no solamente por la etapa hist\u00f3rica por la cual pasa nuestro partido, si no tambi\u00e9n porque yo represento a esa generaci\u00f3n de los que creemos que el PRI es la plataforma pol\u00edtica m\u00e1s s\u00f3lida para reencausar el rumbo de nuestra naci\u00f3n\u201d. <br><\/p>\n\n\n\n<p>Moreira sostuvo que: \u201cNuestras Organizaciones Pol\u00edticas nos dan la fuerza y la plataforma para poder a representar a nuestra sociedad&#8221;.<br><\/p>\n\n\n\n<p> Desde el Movimiento Territorial Nuevo Le\u00f3n defenderemos las causas sociales de los Nuevoleoneses y trabajaremos por recuperar la grandeza de nuestro partido\u201d.<br><\/p>\n\n\n\n<p>El nombramiento de Adri\u00e1n Moreira frente al MT es una clara muestra de la etapa de reconstrucci\u00f3n del priismo, en la cual se promueven espacios para personas con preparaci\u00f3n y trayectoria pol\u00edtica dentro de las filas del partido.<br><\/p>\n\n\n\n<p> Dentro de las primeras acciones, Moreira planea recorrer el Estado para reunirse con los dirigentes municipales del Movimiento y as\u00ed promover su plan de trabajo para el periodo 2019-2020.<br><\/p>\n\n\n\n<p>El Movimiento Territorial, el cual fuera fundado por Luis Donaldo Colosio, celebra 26 a\u00f1os desde su concepci\u00f3n y tiene como su eje principal el coadyuvar con el PRI en la lucha por el derecho a la ciudad y un entorno de justicia social que garantice la igualdad de acceso a los espacios para vivir, la vivienda, a los servicios p\u00fablicos y a la calidad de vida en los asentamientos humanos de las zonas urbanas<\/p>\n","protected":false},"excerpt":{"rendered":"<p>Adri\u00e1n Moreira quien fuera diputado local por el Partido Revolucionario Institucional durante la legislatura anterior rindi\u00f3 protesta como dirigente ante el dirigente nacional del Movimiento, Jos\u00e9 Eduardo Calzada Rovirosa quien anteriormente fuera Senador y Gobernador del Estado de Quer\u00e9taro. El nuevo dirigente agradeci\u00f3 la confianza que brindada por \u00a0Calzada Rovirosa e hizo una menci\u00f3n especial [&hellip;]<\/p>\n","protected":false},"author":1,"featured_media":8202,"comment_status":"open","ping_status":"open","sticky":true,"template":"","format":"standard","meta":{"footnotes":""},"categories":[6],"tags":[],"_links":{"self":[{"href":"https:\/\/diariodigitalmx.com\/index.php\/wp-json\/wp\/v2\/posts\/8194"}],"collection":[{"href":"https:\/\/diariodigitalmx.com\/index.php\/wp-json\/wp\/v2\/posts"}],"about":[{"href":"https:\/\/diariodigitalmx.com\/index.php\/wp-json\/wp\/v2\/types\/post"}],"author":[{"embeddable":true,"href":"https:\/\/diariodigitalmx.com\/index.php\/wp-json\/wp\/v2\/users\/1"}],"replies":[{"embeddable":true,"href":"https:\/\/diariodigitalmx.com\/index.php\/wp-json\/wp\/v2\/comments?post=8194"}],"version-history":[{"count":4,"href":"https:\/\/diariodigitalmx.com\/index.php\/wp-json\/wp\/v2\/posts\/8194\/revisions"}],"predecessor-version":[{"id":8205,"href":"https:\/\/diariodigitalmx.com\/index.php\/wp-json\/wp\/v2\/posts\/8194\/revisions\/8205"}],"wp:featuredmedia":[{"embeddable":true,"href":"https:\/\/diariodigitalmx.com\/index.php\/wp-json\/wp\/v2\/media\/8202"}],"wp:attachment":[{"href":"https:\/\/diariodigitalmx.com\/index.php\/wp-json\/wp\/v2\/media?parent=8194"}],"wp:term":[{"taxonomy":"category","embeddable":true,"href":"https:\/\/diariodigitalmx.com\/index.php\/wp-json\/wp\/v2\/categories?post=8194"},{"taxonomy":"post_tag","embeddable":true,"href":"https:\/\/diariodigitalmx.com\/index.php\/wp-json\/wp\/v2\/tags?post=8194"}],"curies":[{"name":"wp","href":"https:\/\/api.w.org\/{rel}","templated":true}]}}