{"id":8209,"date":"2019-07-15T22:33:34","date_gmt":"2019-07-16T03:33:34","guid":{"rendered":"http:\/\/diariodigitalmx.com\/?p=8209"},"modified":"2019-07-15T22:33:35","modified_gmt":"2019-07-16T03:33:35","slug":"ley-bonilla-abre-la-caja-de-pandora-en-otros-estados","status":"publish","type":"post","link":"https:\/\/diariodigitalmx.com\/index.php\/2019\/07\/15\/ley-bonilla-abre-la-caja-de-pandora-en-otros-estados\/","title":{"rendered":"Ley Bonilla abre la Caja de Pandora en otros estados"},"content":{"rendered":"\n<p><br>\u00b7&nbsp;<strong>El senador Samuel Garc\u00eda indic\u00f3 que entidades inconformes con el reparto de recursos pueden salirse del pacto federal.<\/strong><\/p>\n\n\n\n<p>\u00b7&nbsp;<strong>Vamos a impulsar la Ley Nuevo Le\u00f3n si no hay castigo en Baja California.<\/strong><\/p>\n\n\n\n<p>\u00b7&nbsp;<strong>Adem\u00e1s, llam\u00f3 al Gobierno Federal a ser congruente en migraci\u00f3n.<\/strong><\/p>\n\n\n\n<p>El presidente de la Comisi\u00f3n de Federalismo y Desarrollo Municipal del Senado, Samuel Garc\u00eda Sep\u00falveda, advirti\u00f3 que La Ley Bonilla abrir\u00e1 la &#8220;Caja de Pandora&#8221; en otros estados que no est\u00e1n de acuerdo con el trato que reciben por parte del Gobierno Federal.<\/p>\n\n\n\n<p>El legislador emecista indic\u00f3 que as\u00ed como el Congreso de Baja California actu\u00f3 violando la Constituci\u00f3n, en Nuevo Le\u00f3n donde hay inconformidad por el reparto de recursos, los diputados locales pueden votar salirse del pacto fiscal.&nbsp;<\/p>\n\n\n\n<p>\u201cEste tipo de actos pueden abrir la Caja de Pandora en otros estados, Nuevo Le\u00f3n siempre ha sido tratado de manera injusta, ponemos mucho recibimos migajas, en 2018 pusimos 400 mil millones de pesos y solamente nos van a dar en el Presupuesto 2019, 70 mil millones.<\/p>\n\n\n\n<p>\u201cNo nos obliguen a hacer una Ley Bonilla pero para Nuevo Le\u00f3n, nosotros queremos con mucha prudencia replantear un sistema fiscal y no como el que hoy nos da este maltrato al Estado. Vamos a analizar c\u00f3mo salirnos, porque es ya mucha la injusticia.<\/p>\n\n\n\n<p>\u201cEn s\u00edntesis si no castigan este madruguete, si sale Andr\u00e9s Manuel con que \u2018aqu\u00ed no pas\u00f3 nada\u2019, pues entonces eso nos va a impulsar a hacer la Ley Nuevo Le\u00f3n y que el Congreso local vote por salirse del pacto que tanto da\u00f1o nos hace\u201d, dijo.<\/p>\n\n\n\n<p>Ante los pronunciamientos de desaparecer los poderes en Baja California, el legislador se\u00f1al\u00f3 que por lo pronto Movimiento Ciudadano presentar\u00e1 una acci\u00f3n de inconstitucionalidad contra la ampliaci\u00f3n del mandato del gobernador de esa entidad.&nbsp;<\/p>\n\n\n\n<p>\u201cEn Movimiento Ciudadano vamos a ir a una acci\u00f3n de inconstitucionalidad que se viol\u00f3 la certidumbre y la seguridad jur\u00eddica en este madruguete, en esta ley Bonilla que ampl\u00eda el plazo de 2 a 5 a\u00f1os para ser gobernador\u201d.<\/p>\n\n\n\n<p><strong>\u201cPedimos congruencia a M\u00e9xico por cacer\u00eda a migrantes\u201d<\/strong><\/p>\n\n\n\n<p>Sobre las redadas que iniciaron en Estados Unidos contra los migrantes, el senador expres\u00f3 su solidaridad a los mexicanos indocumentados en ese pa\u00eds, y aval\u00f3 la petici\u00f3n que har\u00e1 el Senado de la Rep\u00fablica a la Secretar\u00eda de Relaciones Exteriores en torno a enviar una nota diplom\u00e1tica de protesta.<\/p>\n\n\n\n<p>Sin embargo, Garc\u00eda, quien atiende un foro de la Naciones Unidas en Nueva York, llam\u00f3 a la congruencia porque actualmente M\u00e9xico lleva a cabo redadas y operativos en contra de migrantes centroamericanos.<\/p>\n\n\n\n<p>\u201cDesde las Naciones Unidas queremos mandar un mensaje a todos los mexicanos inmigrantes que est\u00e1n siendo amenazados por estas redadas de Trump con su manique\u00edsmo intolerante, xenof\u00f3bico, (\u2026) por eso apoyamos el exhorto que desde el Senado enviar\u00e1n y junto con relaciones exteriores a Estados Unidos.<\/p>\n\n\n\n<p>\u201cAl mismo tiempo pedimos congruencia, nuestra Guardia Nacional no puede ser el Border Patrol de Trump, no puede ser una cacer\u00eda de migrantes, la Guardia debe ser para lo que la creamos en el Senado de la Rep\u00fablica, para cuidar a los mexicanos de los delitos como homicidio, secuestro, extorsi\u00f3n, huachicoleo\u201d, dijo.<\/p>\n","protected":false},"excerpt":{"rendered":"<p>\u00b7&nbsp;El senador Samuel Garc\u00eda indic\u00f3 que entidades inconformes con el reparto de recursos pueden salirse del pacto federal. \u00b7&nbsp;Vamos a impulsar la Ley Nuevo Le\u00f3n si no hay castigo en Baja California. \u00b7&nbsp;Adem\u00e1s, llam\u00f3 al Gobierno Federal a ser congruente en migraci\u00f3n. El presidente de la Comisi\u00f3n de Federalismo y Desarrollo Municipal del Senado, Samuel [&hellip;]<\/p>\n","protected":false},"author":1,"featured_media":8212,"comment_status":"open","ping_status":"open","sticky":true,"template":"","format":"standard","meta":{"footnotes":""},"categories":[2],"tags":[],"_links":{"self":[{"href":"https:\/\/diariodigitalmx.com\/index.php\/wp-json\/wp\/v2\/posts\/8209"}],"collection":[{"href":"https:\/\/diariodigitalmx.com\/index.php\/wp-json\/wp\/v2\/posts"}],"about":[{"href":"https:\/\/diariodigitalmx.com\/index.php\/wp-json\/wp\/v2\/types\/post"}],"author":[{"embeddable":true,"href":"https:\/\/diariodigitalmx.com\/index.php\/wp-json\/wp\/v2\/users\/1"}],"replies":[{"embeddable":true,"href":"https:\/\/diariodigitalmx.com\/index.php\/wp-json\/wp\/v2\/comments?post=8209"}],"version-history":[{"count":3,"href":"https:\/\/diariodigitalmx.com\/index.php\/wp-json\/wp\/v2\/posts\/8209\/revisions"}],"predecessor-version":[{"id":8213,"href":"https:\/\/diariodigitalmx.com\/index.php\/wp-json\/wp\/v2\/posts\/8209\/revisions\/8213"}],"wp:featuredmedia":[{"embeddable":true,"href":"https:\/\/diariodigitalmx.com\/index.php\/wp-json\/wp\/v2\/media\/8212"}],"wp:attachment":[{"href":"https:\/\/diariodigitalmx.com\/index.php\/wp-json\/wp\/v2\/media?parent=8209"}],"wp:term":[{"taxonomy":"category","embeddable":true,"href":"https:\/\/diariodigitalmx.com\/index.php\/wp-json\/wp\/v2\/categories?post=8209"},{"taxonomy":"post_tag","embeddable":true,"href":"https:\/\/diariodigitalmx.com\/index.php\/wp-json\/wp\/v2\/tags?post=8209"}],"curies":[{"name":"wp","href":"https:\/\/api.w.org\/{rel}","templated":true}]}}