{"id":8226,"date":"2019-07-16T06:13:32","date_gmt":"2019-07-16T11:13:32","guid":{"rendered":"http:\/\/diariodigitalmx.com\/?p=8226"},"modified":"2019-07-16T06:13:34","modified_gmt":"2019-07-16T11:13:34","slug":"por-cierto-81","status":"publish","type":"post","link":"https:\/\/diariodigitalmx.com\/index.php\/2019\/07\/16\/por-cierto-81\/","title":{"rendered":"Por cierto&#8230;"},"content":{"rendered":"\n<p>\u00d3scar Tamez Rodr\u00edguez<\/p>\n\n\n\n<p>Lo que est\u00e1 haciendo el congreso de Baja California es romper con el estado de derecho. Es irrelevante que sean 2 o 5 a\u00f1os para el gobernador. Lo peligroso es lo que aqu\u00ed dijimos ayer y que algunos como Cuauht\u00e9moc C\u00e1rdenas piensan. Se abre la puerta para que los congresos en los estados y en la Federaci\u00f3n, muevan leyes al gusto o a billetazos como circul\u00f3 el dato de que se ofreci\u00f3 1 mill\u00f3n de d\u00f3lares a los diputados californianos. Lo de Baja no es el primer caso, en NL la pasada legislatura local legisl\u00f3 la ley electoral en conflicto de intereses, igual la ley electoral de NL est\u00e1 en inconstitucionalidad con la Carta Magna del pa\u00eds. Cada vez son m\u00e1s frecuentes estos casos, hasta que llegue el momento en que se rompa el republicanismo democr\u00e1tico que tanto debatimos y terminemos en un r\u00e9gimen absolutista. \u00bfExagerado?, \u00a1De grano en grano, llena la gallina el buche!<br>Oscar Tamez Rdz.&nbsp;<a rel=\"noreferrer noopener\" href=\"http:\/\/www.estudiospoliticos.mx\/\" target=\"_blank\">www.estudiospoliticos.mx<\/a><a rel=\"noreferrer noopener\" href=\"http:\/\/facebook.com\/EstudiosPoliticos.mx\" target=\"_blank\">Facebook.com\/EstudiosPoliticos.mx<\/a>@EstudiosMx<\/p>\n\n\n\n<p><\/p>\n","protected":false},"excerpt":{"rendered":"<p>\u00d3scar Tamez Rodr\u00edguez Lo que est\u00e1 haciendo el congreso de Baja California es romper con el estado de derecho. Es irrelevante que sean 2 o 5 a\u00f1os para el gobernador. Lo peligroso es lo que aqu\u00ed dijimos ayer y que algunos como Cuauht\u00e9moc C\u00e1rdenas piensan. Se abre la puerta para que los congresos en los [&hellip;]<\/p>\n","protected":false},"author":1,"featured_media":8228,"comment_status":"open","ping_status":"open","sticky":true,"template":"","format":"standard","meta":{"footnotes":""},"categories":[12],"tags":[],"_links":{"self":[{"href":"https:\/\/diariodigitalmx.com\/index.php\/wp-json\/wp\/v2\/posts\/8226"}],"collection":[{"href":"https:\/\/diariodigitalmx.com\/index.php\/wp-json\/wp\/v2\/posts"}],"about":[{"href":"https:\/\/diariodigitalmx.com\/index.php\/wp-json\/wp\/v2\/types\/post"}],"author":[{"embeddable":true,"href":"https:\/\/diariodigitalmx.com\/index.php\/wp-json\/wp\/v2\/users\/1"}],"replies":[{"embeddable":true,"href":"https:\/\/diariodigitalmx.com\/index.php\/wp-json\/wp\/v2\/comments?post=8226"}],"version-history":[{"count":2,"href":"https:\/\/diariodigitalmx.com\/index.php\/wp-json\/wp\/v2\/posts\/8226\/revisions"}],"predecessor-version":[{"id":8229,"href":"https:\/\/diariodigitalmx.com\/index.php\/wp-json\/wp\/v2\/posts\/8226\/revisions\/8229"}],"wp:featuredmedia":[{"embeddable":true,"href":"https:\/\/diariodigitalmx.com\/index.php\/wp-json\/wp\/v2\/media\/8228"}],"wp:attachment":[{"href":"https:\/\/diariodigitalmx.com\/index.php\/wp-json\/wp\/v2\/media?parent=8226"}],"wp:term":[{"taxonomy":"category","embeddable":true,"href":"https:\/\/diariodigitalmx.com\/index.php\/wp-json\/wp\/v2\/categories?post=8226"},{"taxonomy":"post_tag","embeddable":true,"href":"https:\/\/diariodigitalmx.com\/index.php\/wp-json\/wp\/v2\/tags?post=8226"}],"curies":[{"name":"wp","href":"https:\/\/api.w.org\/{rel}","templated":true}]}}