{"id":8241,"date":"2019-07-16T15:00:58","date_gmt":"2019-07-16T20:00:58","guid":{"rendered":"http:\/\/diariodigitalmx.com\/?p=8241"},"modified":"2019-07-16T15:00:59","modified_gmt":"2019-07-16T20:00:59","slug":"mostro-morena-el-adn-de-porro-priista","status":"publish","type":"post","link":"https:\/\/diariodigitalmx.com\/index.php\/2019\/07\/16\/mostro-morena-el-adn-de-porro-priista\/","title":{"rendered":"Mostr\u00f3 Morena el ADN de porro priista"},"content":{"rendered":"\n<p>Ante las declaraciones del coordinador de los legisladores locales de Morena, Ramiro Gonz\u00e1lez, donde se\u00f1ala que militantes del PRD salieron a \u201creventar\u201d un evento de Morena, &#8220;niego categ\u00f3ricamente que integrantes de nuestro partido hayan sido responsables de dicha trifulca&#8221;, afirma Jonatan Torres.<br><\/p>\n\n\n\n<p>Integrante del comit\u00e9 estatal del PRD y aspirante a dirigir ese partido en Nuevo Le\u00f3n, Torres dice que el diputado Ramiro Gonz\u00e1lez al echar culpas al PRD, solo demuestra su debilidad e irresponsabilidad a sabiendas de que su partido est\u00e1 dividido.<br><\/p>\n\n\n\n<p>&#8220;Para muestra de ello tenemos muchos ejemplos; basta recordar que la bancada que \u00e9l dirige, es la m\u00e1s \u201cFALTISTA\u201d tal y como lo ha documentado la plataforma Quesirvan.Mx , adem\u00e1s podemos agregar que es de las bancadas menos productivas; y esto es una muestra de su falta de control y divisi\u00f3n al interior&#8221;.<\/p>\n\n\n\n<p> &#8220;No es de extra\u00f1arse que prefiera darle penitencia a terceros para lavar los pecados propios&#8221;, a\u00f1ade. <\/p>\n\n\n\n<p>La trifulca es resultado de la apertura desmedida de MORENA al acobijar <\/p>\n\n\n\n<p>pol\u00edticamente a personalidades del PRI y PAN con serios cuestionamientos dentro de la funci\u00f3n p\u00fablica, y que ahora se disputan el control de su partido&#8221;, acusa.<br><\/p>\n\n\n\n<p>&#8220;Morena sac\u00f3 su ADN, el de los porros priistas a los que perteneci\u00f3 Ramiro Gonz\u00e1lez&#8221;, a\u00f1ade Torres quien afirma que en el PRD, siguen trabajando en la construcci\u00f3n de una plataforma s\u00f3lida que le sirva a Nuevo Le\u00f3n.<\/p>\n\n\n\n<p><\/p>\n","protected":false},"excerpt":{"rendered":"<p>Ante las declaraciones del coordinador de los legisladores locales de Morena, Ramiro Gonz\u00e1lez, donde se\u00f1ala que militantes del PRD salieron a \u201creventar\u201d un evento de Morena, &#8220;niego categ\u00f3ricamente que integrantes de nuestro partido hayan sido responsables de dicha trifulca&#8221;, afirma Jonatan Torres. Integrante del comit\u00e9 estatal del PRD y aspirante a dirigir ese partido en [&hellip;]<\/p>\n","protected":false},"author":1,"featured_media":8243,"comment_status":"open","ping_status":"open","sticky":true,"template":"","format":"standard","meta":{"footnotes":""},"categories":[6],"tags":[],"_links":{"self":[{"href":"https:\/\/diariodigitalmx.com\/index.php\/wp-json\/wp\/v2\/posts\/8241"}],"collection":[{"href":"https:\/\/diariodigitalmx.com\/index.php\/wp-json\/wp\/v2\/posts"}],"about":[{"href":"https:\/\/diariodigitalmx.com\/index.php\/wp-json\/wp\/v2\/types\/post"}],"author":[{"embeddable":true,"href":"https:\/\/diariodigitalmx.com\/index.php\/wp-json\/wp\/v2\/users\/1"}],"replies":[{"embeddable":true,"href":"https:\/\/diariodigitalmx.com\/index.php\/wp-json\/wp\/v2\/comments?post=8241"}],"version-history":[{"count":1,"href":"https:\/\/diariodigitalmx.com\/index.php\/wp-json\/wp\/v2\/posts\/8241\/revisions"}],"predecessor-version":[{"id":8242,"href":"https:\/\/diariodigitalmx.com\/index.php\/wp-json\/wp\/v2\/posts\/8241\/revisions\/8242"}],"wp:featuredmedia":[{"embeddable":true,"href":"https:\/\/diariodigitalmx.com\/index.php\/wp-json\/wp\/v2\/media\/8243"}],"wp:attachment":[{"href":"https:\/\/diariodigitalmx.com\/index.php\/wp-json\/wp\/v2\/media?parent=8241"}],"wp:term":[{"taxonomy":"category","embeddable":true,"href":"https:\/\/diariodigitalmx.com\/index.php\/wp-json\/wp\/v2\/categories?post=8241"},{"taxonomy":"post_tag","embeddable":true,"href":"https:\/\/diariodigitalmx.com\/index.php\/wp-json\/wp\/v2\/tags?post=8241"}],"curies":[{"name":"wp","href":"https:\/\/api.w.org\/{rel}","templated":true}]}}