{"id":8244,"date":"2019-07-16T16:32:41","date_gmt":"2019-07-16T21:32:41","guid":{"rendered":"http:\/\/diariodigitalmx.com\/?p=8244"},"modified":"2019-07-16T16:47:00","modified_gmt":"2019-07-16T21:47:00","slug":"desarrollo-y-proteccion-de-los-derechos-de-los-ninos-es-prioridad-para-el-gobierno-de-escobedo-realiza-foro-con-dif-nuevo-leon","status":"publish","type":"post","link":"https:\/\/diariodigitalmx.com\/index.php\/2019\/07\/16\/desarrollo-y-proteccion-de-los-derechos-de-los-ninos-es-prioridad-para-el-gobierno-de-escobedo-realiza-foro-con-dif-nuevo-leon\/","title":{"rendered":"Desarrollo y protecci\u00f3n de los derechos de los ni\u00f1os es prioridad para el Gobierno de Escobedo; realiza foro con DIF Nuevo Le\u00f3n"},"content":{"rendered":"\n<p>Para generar pol\u00edticas p\u00fablicas, definir acciones y planes de trabajo en favor de la protecci\u00f3n de la ni\u00f1ez, el DIF de Escobedo y el DIF de Nuevo Le\u00f3n realizaron el \u201cForo Estatal de los Derechos de Ni\u00f1as, Ni\u00f1os y Adolescentes en la Construcci\u00f3n para el Desarrollo\u201d<\/p>\n\n\n\n<p>En la construcci\u00f3n de los programas que derivan del Plan Nacional de Desarrollo 2019-2024, en el foro se efectuaron procesos de consulta y participaci\u00f3n sobre la situaci\u00f3n y retos que conlleva la garant\u00eda de los derechos del menor. <\/p>\n\n\n\n<figure class=\"wp-block-image\"><img loading=\"lazy\" decoding=\"async\" width=\"1024\" height=\"683\" src=\"http:\/\/diariodigitalmx.com\/wp-content\/uploads\/2019\/07\/IMG_1743-1024x683.jpg\" alt=\"\" class=\"wp-image-8248\" srcset=\"https:\/\/diariodigitalmx.com\/wp-content\/uploads\/2019\/07\/IMG_1743-1024x683.jpg 1024w, https:\/\/diariodigitalmx.com\/wp-content\/uploads\/2019\/07\/IMG_1743-300x200.jpg 300w, https:\/\/diariodigitalmx.com\/wp-content\/uploads\/2019\/07\/IMG_1743-768x512.jpg 768w\" sizes=\"(max-width: 1024px) 100vw, 1024px\" \/><\/figure>\n\n\n\n<p>\u201cCreo que debemos de empezar a conocer y cultivar para que luego todos reconozcamos los derechos de los ni\u00f1os\u201d, dijo Clara Luz Flores Carrales, Alcaldesa de Escobedo.<\/p>\n\n\n\n<p>\u201cNo veo una pol\u00edtica p\u00fablica para reconocer los derechos de los ni\u00f1os, sino es a trav\u00e9s de esta coordinaci\u00f3n entre sociedad, academia y los tres niveles de gobierno\u201d.<\/p>\n\n\n\n<figure class=\"wp-block-image\"><img loading=\"lazy\" decoding=\"async\" width=\"1024\" height=\"683\" src=\"http:\/\/diariodigitalmx.com\/wp-content\/uploads\/2019\/07\/IMG_1620-1024x683.jpg\" alt=\"\" class=\"wp-image-8251\" srcset=\"https:\/\/diariodigitalmx.com\/wp-content\/uploads\/2019\/07\/IMG_1620-1024x683.jpg 1024w, https:\/\/diariodigitalmx.com\/wp-content\/uploads\/2019\/07\/IMG_1620-300x200.jpg 300w, https:\/\/diariodigitalmx.com\/wp-content\/uploads\/2019\/07\/IMG_1620-768x512.jpg 768w\" sizes=\"(max-width: 1024px) 100vw, 1024px\" \/><\/figure>\n\n\n\n<p>La edil destac\u00f3 que, adem\u00e1s de los objetivos del Sistema Nacional de Protecci\u00f3n de Ni\u00f1as, Ni\u00f1os y Adolescentes (SIPINNA), el Municipio se ha apegado a los lineamientos locales y estatales para el buen desarrollo de estos grupos, a fin de ofrecerles estilos de vida libres de violencia y con educaci\u00f3n. <\/p>\n\n\n\n<p>La presidenta del DIF estatal, Adalina D\u00e1valos, se\u00f1al\u00f3 que se encuentran en la licitaci\u00f3n de recursos para un centro integral de defensor\u00eda de ni\u00f1os, ni\u00f1as y adolescentes, el cual beneficiar\u00e1 directamente a Escobedo. <\/p>\n\n\n\n<p><br><\/p>\n\n\n\n<figure class=\"wp-block-image\"><img loading=\"lazy\" decoding=\"async\" width=\"1024\" height=\"683\" src=\"http:\/\/diariodigitalmx.com\/wp-content\/uploads\/2019\/07\/IMG_1727-1024x683.jpg\" alt=\"\" class=\"wp-image-8254\" srcset=\"https:\/\/diariodigitalmx.com\/wp-content\/uploads\/2019\/07\/IMG_1727-1024x683.jpg 1024w, https:\/\/diariodigitalmx.com\/wp-content\/uploads\/2019\/07\/IMG_1727-300x200.jpg 300w, https:\/\/diariodigitalmx.com\/wp-content\/uploads\/2019\/07\/IMG_1727-768x512.jpg 768w\" sizes=\"(max-width: 1024px) 100vw, 1024px\" \/><\/figure>\n\n\n\n<p>En el foro, adem\u00e1s de ni\u00f1os y adolescentes, participaron en mesas de trabajo Blanca Trevi\u00f1o; directora del DIF Escobedo; Francisco Castellanos, de la Secretar\u00eda Ejecutiva del SIPINNA; Sof\u00eda Velasco, presidenta de la Comisi\u00f3n Estatal de Derechos Humanos (CEDH); Erick Caballero, director del DIF estatal, y Thelma Flores, directora de Atenci\u00f3n Integral al Menor y la Familia. <br><\/p>\n\n\n\n<ul class=\"wp-block-gallery columns-3 is-cropped wp-block-gallery-1 is-layout-flex wp-block-gallery-is-layout-flex\"><li class=\"blocks-gallery-item\"><figure><img loading=\"lazy\" decoding=\"async\" width=\"1024\" height=\"683\" src=\"http:\/\/diariodigitalmx.com\/wp-content\/uploads\/2019\/07\/IMG_1653-1024x683.jpg\" alt=\"\" data-id=\"8257\" data-link=\"http:\/\/diariodigitalmx.com\/index.php\/2019\/07\/16\/desarrollo-y-proteccion-de-los-derechos-de-los-ninos-es-prioridad-para-el-gobierno-de-escobedo-realiza-foro-con-dif-nuevo-leon\/img_1653\/\" class=\"wp-image-8257\" srcset=\"https:\/\/diariodigitalmx.com\/wp-content\/uploads\/2019\/07\/IMG_1653-1024x683.jpg 1024w, https:\/\/diariodigitalmx.com\/wp-content\/uploads\/2019\/07\/IMG_1653-300x200.jpg 300w, https:\/\/diariodigitalmx.com\/wp-content\/uploads\/2019\/07\/IMG_1653-768x512.jpg 768w\" sizes=\"(max-width: 1024px) 100vw, 1024px\" \/><\/figure><\/li><li class=\"blocks-gallery-item\"><figure><img loading=\"lazy\" decoding=\"async\" width=\"1024\" height=\"683\" src=\"http:\/\/diariodigitalmx.com\/wp-content\/uploads\/2019\/07\/IMG_1672-1024x683.jpg\" alt=\"\" data-id=\"8258\" data-link=\"http:\/\/diariodigitalmx.com\/index.php\/2019\/07\/16\/desarrollo-y-proteccion-de-los-derechos-de-los-ninos-es-prioridad-para-el-gobierno-de-escobedo-realiza-foro-con-dif-nuevo-leon\/img_1672\/\" class=\"wp-image-8258\" srcset=\"https:\/\/diariodigitalmx.com\/wp-content\/uploads\/2019\/07\/IMG_1672-1024x683.jpg 1024w, https:\/\/diariodigitalmx.com\/wp-content\/uploads\/2019\/07\/IMG_1672-300x200.jpg 300w, https:\/\/diariodigitalmx.com\/wp-content\/uploads\/2019\/07\/IMG_1672-768x512.jpg 768w\" sizes=\"(max-width: 1024px) 100vw, 1024px\" \/><\/figure><\/li><li class=\"blocks-gallery-item\"><figure><img loading=\"lazy\" decoding=\"async\" width=\"1024\" height=\"683\" src=\"http:\/\/diariodigitalmx.com\/wp-content\/uploads\/2019\/07\/IMG_1656-1024x683.jpg\" alt=\"\" data-id=\"8259\" data-link=\"http:\/\/diariodigitalmx.com\/index.php\/2019\/07\/16\/desarrollo-y-proteccion-de-los-derechos-de-los-ninos-es-prioridad-para-el-gobierno-de-escobedo-realiza-foro-con-dif-nuevo-leon\/img_1656\/\" class=\"wp-image-8259\" srcset=\"https:\/\/diariodigitalmx.com\/wp-content\/uploads\/2019\/07\/IMG_1656-1024x683.jpg 1024w, https:\/\/diariodigitalmx.com\/wp-content\/uploads\/2019\/07\/IMG_1656-300x200.jpg 300w, https:\/\/diariodigitalmx.com\/wp-content\/uploads\/2019\/07\/IMG_1656-768x512.jpg 768w\" sizes=\"(max-width: 1024px) 100vw, 1024px\" \/><\/figure><\/li><li class=\"blocks-gallery-item\"><figure><img loading=\"lazy\" decoding=\"async\" width=\"1024\" height=\"683\" src=\"http:\/\/diariodigitalmx.com\/wp-content\/uploads\/2019\/07\/IMG_1670-1-1024x683.jpg\" alt=\"\" data-id=\"8260\" data-link=\"http:\/\/diariodigitalmx.com\/index.php\/2019\/07\/16\/desarrollo-y-proteccion-de-los-derechos-de-los-ninos-es-prioridad-para-el-gobierno-de-escobedo-realiza-foro-con-dif-nuevo-leon\/img_1670-2\/\" class=\"wp-image-8260\" srcset=\"https:\/\/diariodigitalmx.com\/wp-content\/uploads\/2019\/07\/IMG_1670-1-1024x683.jpg 1024w, https:\/\/diariodigitalmx.com\/wp-content\/uploads\/2019\/07\/IMG_1670-1-300x200.jpg 300w, https:\/\/diariodigitalmx.com\/wp-content\/uploads\/2019\/07\/IMG_1670-1-768x512.jpg 768w\" sizes=\"(max-width: 1024px) 100vw, 1024px\" \/><\/figure><\/li><\/ul>\n","protected":false},"excerpt":{"rendered":"<p>Para generar pol\u00edticas p\u00fablicas, definir acciones y planes de trabajo en favor de la protecci\u00f3n de la ni\u00f1ez, el DIF de Escobedo y el DIF de Nuevo Le\u00f3n realizaron el \u201cForo Estatal de los Derechos de Ni\u00f1as, Ni\u00f1os y Adolescentes en la Construcci\u00f3n para el Desarrollo\u201d En la construcci\u00f3n de los programas que derivan del [&hellip;]<\/p>\n","protected":false},"author":1,"featured_media":8246,"comment_status":"open","ping_status":"open","sticky":true,"template":"","format":"standard","meta":{"footnotes":""},"categories":[6],"tags":[],"_links":{"self":[{"href":"https:\/\/diariodigitalmx.com\/index.php\/wp-json\/wp\/v2\/posts\/8244"}],"collection":[{"href":"https:\/\/diariodigitalmx.com\/index.php\/wp-json\/wp\/v2\/posts"}],"about":[{"href":"https:\/\/diariodigitalmx.com\/index.php\/wp-json\/wp\/v2\/types\/post"}],"author":[{"embeddable":true,"href":"https:\/\/diariodigitalmx.com\/index.php\/wp-json\/wp\/v2\/users\/1"}],"replies":[{"embeddable":true,"href":"https:\/\/diariodigitalmx.com\/index.php\/wp-json\/wp\/v2\/comments?post=8244"}],"version-history":[{"count":5,"href":"https:\/\/diariodigitalmx.com\/index.php\/wp-json\/wp\/v2\/posts\/8244\/revisions"}],"predecessor-version":[{"id":8261,"href":"https:\/\/diariodigitalmx.com\/index.php\/wp-json\/wp\/v2\/posts\/8244\/revisions\/8261"}],"wp:featuredmedia":[{"embeddable":true,"href":"https:\/\/diariodigitalmx.com\/index.php\/wp-json\/wp\/v2\/media\/8246"}],"wp:attachment":[{"href":"https:\/\/diariodigitalmx.com\/index.php\/wp-json\/wp\/v2\/media?parent=8244"}],"wp:term":[{"taxonomy":"category","embeddable":true,"href":"https:\/\/diariodigitalmx.com\/index.php\/wp-json\/wp\/v2\/categories?post=8244"},{"taxonomy":"post_tag","embeddable":true,"href":"https:\/\/diariodigitalmx.com\/index.php\/wp-json\/wp\/v2\/tags?post=8244"}],"curies":[{"name":"wp","href":"https:\/\/api.w.org\/{rel}","templated":true}]}}