{"id":8262,"date":"2019-07-16T17:19:20","date_gmt":"2019-07-16T22:19:20","guid":{"rendered":"http:\/\/diariodigitalmx.com\/?p=8262"},"modified":"2019-07-16T17:20:10","modified_gmt":"2019-07-16T22:20:10","slug":"conductores-de-taxis-de-aplicaciones-rechazan-impuestos-fufito-en-su-defensa","status":"publish","type":"post","link":"https:\/\/diariodigitalmx.com\/index.php\/2019\/07\/16\/conductores-de-taxis-de-aplicaciones-rechazan-impuestos-fufito-en-su-defensa\/","title":{"rendered":"Conductores de taxis de aplicaciones rechazan impuestos; Fufito en su defensa"},"content":{"rendered":"\n<p>Pedro Garc\u00eda Trevi\u00f1o<\/p>\n\n\n\n<p>Si bien los conductores de Uber y otras empresas similares pagan impuestos no son correspondidos con Seguro Social, cr\u00e9ditos de Infonavit y otras prestaciones sociales, denunci\u00f3 Pedro Alejo Rodr\u00edguez al rechazar que dichos trabajadores asuman una mayor carga fiscal en el ejercicio de su actividad.<\/p>\n\n\n\n<p>Rodr\u00edguez quien lidera la ONG \u201cCiudadano Empoderado\u201d afirm\u00f3 que, para colmo, dichos conductores padecen terrorismo y cacer\u00eda por parte de la Agencia Estatal del Transporte cuyo director, No\u00e9 Ch\u00e1vez debe ser cesado del cargo por infringir acuerdos oficiales no realizar operativos ni decomisar unidades.<\/p>\n\n\n\n<p>Pedro Alejo Rodr\u00edguez introdujo un oficio en el despacho del gobernador del estado en el que demanda el cese del director de la Agencia Estatal del Transporte.<\/p>\n\n\n\n<p>Previamente, realiz\u00f3 un mitin de informaci\u00f3n donde convoc\u00f3 a los conductores de las aplicaciones de Transporte a no relajarse en su lucha de defensa de sus intereses.<\/p>\n\n\n\n<p>Les pidi\u00f3 que hagan la mayor presencia humana posible para echar abajo cualquier plan oficial de legislar impuestos a los conductores de Uber y similares.<\/p>\n\n\n\n<p>El titular de Ciudadano Empoderado consider\u00f3 inaceptable que los conductores carguen con cualquier tasa impositiva sobre sus ingresos, y tambi\u00e9n rechaz\u00f3 que una eventual contribuci\u00f3n en el servicio se traslade a los usuarios.<\/p>\n\n\n\n<figure class=\"wp-block-image\"><img loading=\"lazy\" decoding=\"async\" width=\"886\" height=\"557\" src=\"http:\/\/diariodigitalmx.com\/wp-content\/uploads\/2019\/07\/59466332_2036393373332649_8076636041068412928_n.jpg\" alt=\"\" class=\"wp-image-8265\" srcset=\"https:\/\/diariodigitalmx.com\/wp-content\/uploads\/2019\/07\/59466332_2036393373332649_8076636041068412928_n.jpg 886w, https:\/\/diariodigitalmx.com\/wp-content\/uploads\/2019\/07\/59466332_2036393373332649_8076636041068412928_n-300x189.jpg 300w, https:\/\/diariodigitalmx.com\/wp-content\/uploads\/2019\/07\/59466332_2036393373332649_8076636041068412928_n-768x483.jpg 768w\" sizes=\"(max-width: 886px) 100vw, 886px\" \/><\/figure>\n\n\n\n<p>Pedro Alejo Rodr\u00edguez se\u00f1al\u00f3 adem\u00e1s que la pretensi\u00f3n de crear un impuesto sobre los servicios de las aplicaciones del transporte est\u00e1 fuera de los tiempos legislativos relacionados al Presupuesto del gobierno estatal. Y aunque estuviera en tiempo, tampoco lo aceptamos, dijo en el mitin efectuado a las afueras del palacio de gobierno.<\/p>\n\n\n\n<p><\/p>\n","protected":false},"excerpt":{"rendered":"<p>Pedro Garc\u00eda Trevi\u00f1o Si bien los conductores de Uber y otras empresas similares pagan impuestos no son correspondidos con Seguro Social, cr\u00e9ditos de Infonavit y otras prestaciones sociales, denunci\u00f3 Pedro Alejo Rodr\u00edguez al rechazar que dichos trabajadores asuman una mayor carga fiscal en el ejercicio de su actividad. Rodr\u00edguez quien lidera la ONG \u201cCiudadano Empoderado\u201d [&hellip;]<\/p>\n","protected":false},"author":1,"featured_media":8264,"comment_status":"open","ping_status":"open","sticky":true,"template":"","format":"standard","meta":{"footnotes":""},"categories":[6],"tags":[],"_links":{"self":[{"href":"https:\/\/diariodigitalmx.com\/index.php\/wp-json\/wp\/v2\/posts\/8262"}],"collection":[{"href":"https:\/\/diariodigitalmx.com\/index.php\/wp-json\/wp\/v2\/posts"}],"about":[{"href":"https:\/\/diariodigitalmx.com\/index.php\/wp-json\/wp\/v2\/types\/post"}],"author":[{"embeddable":true,"href":"https:\/\/diariodigitalmx.com\/index.php\/wp-json\/wp\/v2\/users\/1"}],"replies":[{"embeddable":true,"href":"https:\/\/diariodigitalmx.com\/index.php\/wp-json\/wp\/v2\/comments?post=8262"}],"version-history":[{"count":3,"href":"https:\/\/diariodigitalmx.com\/index.php\/wp-json\/wp\/v2\/posts\/8262\/revisions"}],"predecessor-version":[{"id":8267,"href":"https:\/\/diariodigitalmx.com\/index.php\/wp-json\/wp\/v2\/posts\/8262\/revisions\/8267"}],"wp:featuredmedia":[{"embeddable":true,"href":"https:\/\/diariodigitalmx.com\/index.php\/wp-json\/wp\/v2\/media\/8264"}],"wp:attachment":[{"href":"https:\/\/diariodigitalmx.com\/index.php\/wp-json\/wp\/v2\/media?parent=8262"}],"wp:term":[{"taxonomy":"category","embeddable":true,"href":"https:\/\/diariodigitalmx.com\/index.php\/wp-json\/wp\/v2\/categories?post=8262"},{"taxonomy":"post_tag","embeddable":true,"href":"https:\/\/diariodigitalmx.com\/index.php\/wp-json\/wp\/v2\/tags?post=8262"}],"curies":[{"name":"wp","href":"https:\/\/api.w.org\/{rel}","templated":true}]}}