{"id":8278,"date":"2019-07-16T19:03:09","date_gmt":"2019-07-17T00:03:09","guid":{"rendered":"http:\/\/diariodigitalmx.com\/?p=8278"},"modified":"2019-07-16T19:03:10","modified_gmt":"2019-07-17T00:03:10","slug":"caen-tres-de-la-guardia-nacional-por-secuestro","status":"publish","type":"post","link":"https:\/\/diariodigitalmx.com\/index.php\/2019\/07\/16\/caen-tres-de-la-guardia-nacional-por-secuestro\/","title":{"rendered":"Caen tres de la Guardia Nacional por secuestro"},"content":{"rendered":"\n<p>De los cuatro detenidos, presuntamente tres fueron identificados como elementos en activo de la Guardia Nacional: Diana \u201cN\u201d (23 a\u00f1os de edad), soldado de la Polic\u00eda Militar, perteneciente al 20 Batall\u00f3n de la Guardia Nacional; Jorge \u201cN\u201d (25 a\u00f1os) cabo motociclista, perteneciente al 19 Batall\u00f3n de Guardia Nacional; y Everardo \u201cN\u201d (de 28 a\u00f1os), cabo del 20 Batall\u00f3n de Guardia Nacional.<\/p>\n\n\n\n<p>Las personas detenidas fueron puestas a disposici\u00f3n del Agente del Ministerio P\u00fablico, con el fin de determinar su situaci\u00f3n jur\u00eddica.<\/p>\n\n\n\n<p>A trav\u00e9s de un comunicado, la Secretar\u00eda de la Defensa Nacional (Sedena) se\u00f1al\u00f3 que \u201ctuvo conocimiento y particip\u00f3 desde un inicio de las investigaciones, coadyuvando con las autoridades civiles con el fin de lograr la identificaci\u00f3n y captura del personal militar presuntamente involucra.<\/p>\n\n\n\n<p>\u201cLa Sedena, bajo ninguna circunstancia tolerar\u00e1 acciones contrarias a la disciplina y al derecho, pero principalmente aquellas que atenten en contra de los ciudadanos del pa\u00eds, ni fallar\u00e1 al compromiso adquirido con todo el pueblo de M\u00e9xico, de garantizar los objetivos de paz y seguridad establecidos en la estrategia de gobierno\u201d, agreg\u00f3 la instituci\u00f3n.<\/p>\n","protected":false},"excerpt":{"rendered":"<p>De los cuatro detenidos, presuntamente tres fueron identificados como elementos en activo de la Guardia Nacional: Diana \u201cN\u201d (23 a\u00f1os de edad), soldado de la Polic\u00eda Militar, perteneciente al 20 Batall\u00f3n de la Guardia Nacional; Jorge \u201cN\u201d (25 a\u00f1os) cabo motociclista, perteneciente al 19 Batall\u00f3n de Guardia Nacional; y Everardo \u201cN\u201d (de 28 a\u00f1os), cabo [&hellip;]<\/p>\n","protected":false},"author":1,"featured_media":8280,"comment_status":"open","ping_status":"open","sticky":true,"template":"","format":"standard","meta":{"footnotes":""},"categories":[7],"tags":[],"_links":{"self":[{"href":"https:\/\/diariodigitalmx.com\/index.php\/wp-json\/wp\/v2\/posts\/8278"}],"collection":[{"href":"https:\/\/diariodigitalmx.com\/index.php\/wp-json\/wp\/v2\/posts"}],"about":[{"href":"https:\/\/diariodigitalmx.com\/index.php\/wp-json\/wp\/v2\/types\/post"}],"author":[{"embeddable":true,"href":"https:\/\/diariodigitalmx.com\/index.php\/wp-json\/wp\/v2\/users\/1"}],"replies":[{"embeddable":true,"href":"https:\/\/diariodigitalmx.com\/index.php\/wp-json\/wp\/v2\/comments?post=8278"}],"version-history":[{"count":1,"href":"https:\/\/diariodigitalmx.com\/index.php\/wp-json\/wp\/v2\/posts\/8278\/revisions"}],"predecessor-version":[{"id":8279,"href":"https:\/\/diariodigitalmx.com\/index.php\/wp-json\/wp\/v2\/posts\/8278\/revisions\/8279"}],"wp:featuredmedia":[{"embeddable":true,"href":"https:\/\/diariodigitalmx.com\/index.php\/wp-json\/wp\/v2\/media\/8280"}],"wp:attachment":[{"href":"https:\/\/diariodigitalmx.com\/index.php\/wp-json\/wp\/v2\/media?parent=8278"}],"wp:term":[{"taxonomy":"category","embeddable":true,"href":"https:\/\/diariodigitalmx.com\/index.php\/wp-json\/wp\/v2\/categories?post=8278"},{"taxonomy":"post_tag","embeddable":true,"href":"https:\/\/diariodigitalmx.com\/index.php\/wp-json\/wp\/v2\/tags?post=8278"}],"curies":[{"name":"wp","href":"https:\/\/api.w.org\/{rel}","templated":true}]}}