{"id":8285,"date":"2019-07-17T05:53:05","date_gmt":"2019-07-17T10:53:05","guid":{"rendered":"http:\/\/diariodigitalmx.com\/?p=8285"},"modified":"2019-07-17T05:53:06","modified_gmt":"2019-07-17T10:53:06","slug":"par-de-mentirosos","status":"publish","type":"post","link":"https:\/\/diariodigitalmx.com\/index.php\/2019\/07\/17\/par-de-mentirosos\/","title":{"rendered":"Par de mentirosos"},"content":{"rendered":"\n<p>Por Salvador Hern\u00e1ndez LANDEROS<br> No s\u00e9 a ustedes, pero a mi me decepciona que dos personas que la ciudadan\u00eda <br> eligi\u00f3 como Gobernador y Presidente, sean un par de mentirosos.<br> Cala que en las ocasiones que ha venido a Nuevo Le\u00f3n, Andr\u00e9s Manuel L\u00f3pez <br> Obrador, haya ofrecido el apoyo federal para la L\u00ednea Tres del Metro.<br> Preocupa que el Gobernador Jaime Rodr\u00edguez Calder\u00f3n vaya a la CDMX para <br> gestionar los recursos financieros faltantes para concluir ese transporte.<br> La verdad, revienta el comunicado que difundi\u00f3 la SCT para dar a conocer que <br> descarta m\u00e1s recursos financieros para la construcci\u00f3n de la L\u00ednea 3 del Metro.<br> Seg\u00fan en el comunicado de la Secretar\u00eda de Comunicaciones y Transportes, se <br> \u201cse\u00f1ala que las obras a cargo de la SCT, han sido totalmente concluidas\u201d.<br> Esto se traduce a que, durante los \u00faltimos siete meses, tanto L\u00f3pez Obrador, <br> como Rodr\u00edguez Calder\u00f3n, han estado mintiendo a los ciudadanos de N.L.<br> El comunicado que se dio a conocer el reci\u00e9n pasado fin de semana, se detalla <br> que, del 2015 a la fecha, se han destinado cinco mil 554 millones de pesos.<br> Durante el fin de semana nos dedicamos a recorrer la L\u00ednea Tres en sus <br> diferentes estaciones y confirmamos que la obra ya est\u00e1 totalmente concluida.<br> Comprobamos que la L\u00ednea 3 est\u00e1 totalmente concluida y en condiciones de <br> operar, pues durante algunas madrugadas se han realizado recorridos de prueba.<br> Lo \u00fanico que faltan son los vagones, esos que AMLO ha ofrecido durante sus <br> visitas y que, seg\u00fan la SCT, ya no habr\u00e1 m\u00e1s apoyos para ello.<br> El Estado no tiene los recursos que se requieren y busca que el Congreso le <br> autorice deuda para la Presa Libertad y un hospital en Montemorelos.<br> chavalolanderos@yahoo.com.mx<\/p>\n","protected":false},"excerpt":{"rendered":"<p>Por Salvador Hern\u00e1ndez LANDEROS No s\u00e9 a ustedes, pero a mi me decepciona que dos personas que la ciudadan\u00eda eligi\u00f3 como Gobernador y Presidente, sean un par de mentirosos. Cala que en las ocasiones que ha venido a Nuevo Le\u00f3n, Andr\u00e9s Manuel L\u00f3pez Obrador, haya ofrecido el apoyo federal para la L\u00ednea Tres del Metro. [&hellip;]<\/p>\n","protected":false},"author":1,"featured_media":8287,"comment_status":"open","ping_status":"open","sticky":true,"template":"","format":"standard","meta":{"footnotes":""},"categories":[12],"tags":[],"_links":{"self":[{"href":"https:\/\/diariodigitalmx.com\/index.php\/wp-json\/wp\/v2\/posts\/8285"}],"collection":[{"href":"https:\/\/diariodigitalmx.com\/index.php\/wp-json\/wp\/v2\/posts"}],"about":[{"href":"https:\/\/diariodigitalmx.com\/index.php\/wp-json\/wp\/v2\/types\/post"}],"author":[{"embeddable":true,"href":"https:\/\/diariodigitalmx.com\/index.php\/wp-json\/wp\/v2\/users\/1"}],"replies":[{"embeddable":true,"href":"https:\/\/diariodigitalmx.com\/index.php\/wp-json\/wp\/v2\/comments?post=8285"}],"version-history":[{"count":1,"href":"https:\/\/diariodigitalmx.com\/index.php\/wp-json\/wp\/v2\/posts\/8285\/revisions"}],"predecessor-version":[{"id":8286,"href":"https:\/\/diariodigitalmx.com\/index.php\/wp-json\/wp\/v2\/posts\/8285\/revisions\/8286"}],"wp:featuredmedia":[{"embeddable":true,"href":"https:\/\/diariodigitalmx.com\/index.php\/wp-json\/wp\/v2\/media\/8287"}],"wp:attachment":[{"href":"https:\/\/diariodigitalmx.com\/index.php\/wp-json\/wp\/v2\/media?parent=8285"}],"wp:term":[{"taxonomy":"category","embeddable":true,"href":"https:\/\/diariodigitalmx.com\/index.php\/wp-json\/wp\/v2\/categories?post=8285"},{"taxonomy":"post_tag","embeddable":true,"href":"https:\/\/diariodigitalmx.com\/index.php\/wp-json\/wp\/v2\/tags?post=8285"}],"curies":[{"name":"wp","href":"https:\/\/api.w.org\/{rel}","templated":true}]}}