{"id":8292,"date":"2019-07-17T14:33:08","date_gmt":"2019-07-17T19:33:08","guid":{"rendered":"http:\/\/diariodigitalmx.com\/?p=8292"},"modified":"2019-07-17T14:33:09","modified_gmt":"2019-07-17T19:33:09","slug":"mejora-percepcion-de-inseguridad-y-san-pedro-ocupa-el-primer-lugar","status":"publish","type":"post","link":"https:\/\/diariodigitalmx.com\/index.php\/2019\/07\/17\/mejora-percepcion-de-inseguridad-y-san-pedro-ocupa-el-primer-lugar\/","title":{"rendered":"Mejora percepci\u00f3n de inseguridad y San Pedro ocupa el primer lugar"},"content":{"rendered":"\n<p>Monterrey, N. L.- El municipio de San Pedro Garza Garc\u00eda se coloc\u00f3 en el primer lugar en el Pa\u00eds al reducirse la percepci\u00f3n en cuanto a inseguridad, mientras que<\/p>\n\n\n\n<p>la mayor\u00eda de los municipios metropolitanos tambi\u00e9n vieron mejores n\u00fameros en el \u00faltimo trimestre,<\/p>\n\n\n\n<p>De acuerdo con la m\u00e1s reciente Encuesta Nacional de Seguridad P\u00fablica Urbana (ENSU),  sobresale  San Pedro, que tras haber crecido en la anterior medici\u00f3n el porcentaje de su poblaci\u00f3n que se sent\u00eda insegura, logr\u00f3 reducirla pr\u00e1cticamente a la mitad, al pasar de 34.5 por ciento en marzo a 18.9 por ciento en junio, y retomar el primer lugar nacional como el municipio m\u00e1s seguro del Pa\u00eds.<\/p>\n\n\n\n<p>En cuanto a mayor mejor\u00eda le sigue Guadalupe, que baj\u00f3 su percepci\u00f3n de inseguridad de 67 a 52.1 por ciento, seguido por San Nicol\u00e1s, donde cay\u00f3 de 41.7 a 31.5 por ciento.<\/p>\n\n\n\n<p>En menor proporci\u00f3n se encuentra Santa Catarina, que pas\u00f3 de 65 a 55.3 por ciento; Escobedo, de 55.9 a 46.2 por ciento, y Apodaca, de 62.2 por ciento a 60.3 por ciento.<\/p>\n\n\n\n<p>Monterrey, el \u00fanico de los municipios metropolitanos considerados entre las ciudades con mayor percepci\u00f3n de inseguridad, se redujo de 82.7 a 76.6 por ciento.<\/p>\n\n\n\n<p>La ENSU no considera otros municipios metropolitanos como Ju\u00e1rez, Garc\u00eda y Cadereyta.<\/p>\n\n\n\n<p>Mientras tanto, en las \u00faltimas semanas, el sector privado a trav\u00e9s de sus organismos intermedios como la Coparmex, C\u00e1mara de la Industria de la Transformaci\u00f3n y la Canaco entre otros, han demandado que no se relaje la seguridad debido a que, denuncian que los asaltos a los negocios, a los trabajadores y a las empresas en general van al alza.<\/p>\n","protected":false},"excerpt":{"rendered":"<p>Monterrey, N. L.- El municipio de San Pedro Garza Garc\u00eda se coloc\u00f3 en el primer lugar en el Pa\u00eds al reducirse la percepci\u00f3n en cuanto a inseguridad, mientras que la mayor\u00eda de los municipios metropolitanos tambi\u00e9n vieron mejores n\u00fameros en el \u00faltimo trimestre, De acuerdo con la m\u00e1s reciente Encuesta Nacional de Seguridad P\u00fablica Urbana [&hellip;]<\/p>\n","protected":false},"author":1,"featured_media":8294,"comment_status":"open","ping_status":"open","sticky":true,"template":"","format":"standard","meta":{"footnotes":""},"categories":[6],"tags":[],"_links":{"self":[{"href":"https:\/\/diariodigitalmx.com\/index.php\/wp-json\/wp\/v2\/posts\/8292"}],"collection":[{"href":"https:\/\/diariodigitalmx.com\/index.php\/wp-json\/wp\/v2\/posts"}],"about":[{"href":"https:\/\/diariodigitalmx.com\/index.php\/wp-json\/wp\/v2\/types\/post"}],"author":[{"embeddable":true,"href":"https:\/\/diariodigitalmx.com\/index.php\/wp-json\/wp\/v2\/users\/1"}],"replies":[{"embeddable":true,"href":"https:\/\/diariodigitalmx.com\/index.php\/wp-json\/wp\/v2\/comments?post=8292"}],"version-history":[{"count":1,"href":"https:\/\/diariodigitalmx.com\/index.php\/wp-json\/wp\/v2\/posts\/8292\/revisions"}],"predecessor-version":[{"id":8293,"href":"https:\/\/diariodigitalmx.com\/index.php\/wp-json\/wp\/v2\/posts\/8292\/revisions\/8293"}],"wp:featuredmedia":[{"embeddable":true,"href":"https:\/\/diariodigitalmx.com\/index.php\/wp-json\/wp\/v2\/media\/8294"}],"wp:attachment":[{"href":"https:\/\/diariodigitalmx.com\/index.php\/wp-json\/wp\/v2\/media?parent=8292"}],"wp:term":[{"taxonomy":"category","embeddable":true,"href":"https:\/\/diariodigitalmx.com\/index.php\/wp-json\/wp\/v2\/categories?post=8292"},{"taxonomy":"post_tag","embeddable":true,"href":"https:\/\/diariodigitalmx.com\/index.php\/wp-json\/wp\/v2\/tags?post=8292"}],"curies":[{"name":"wp","href":"https:\/\/api.w.org\/{rel}","templated":true}]}}