{"id":8308,"date":"2019-07-17T15:05:54","date_gmt":"2019-07-17T20:05:54","guid":{"rendered":"http:\/\/diariodigitalmx.com\/?p=8308"},"modified":"2019-07-17T15:05:55","modified_gmt":"2019-07-17T20:05:55","slug":"sera-el-bronco-su-propio-vocero","status":"publish","type":"post","link":"https:\/\/diariodigitalmx.com\/index.php\/2019\/07\/17\/sera-el-bronco-su-propio-vocero\/","title":{"rendered":"Ser\u00e1 El Bronco su propio vocero"},"content":{"rendered":"\n<p>Monterrey, N. L- &#8220;A partir de la semana que entra ser\u00e9 yo el vocero del Gobierno, el Gobernador se convertir\u00e1 en el vocero del Gobierno, para que no haya este tipo de que alguien dijo, y que el otro dijo, y que rectificamos y no rectificamos&#8221;, anunci\u00f3 El Bronco.<br><\/p>\n\n\n\n<p>De esta manera, el gobernador Jaime Rodr\u00edguez prohibi\u00f3 a sus funcionarios hablar de temas que no les competen.<br><\/p>\n\n\n\n<p>Lo anterior tras una contradicci\u00f3n surgida en el Gobierno respecto al impuesto a plataformas como Uber, y en la cual corrigi\u00f3 la declaraci\u00f3n del secretario General de Gobierno, Manuel Gonz\u00e1lez, quien afirm\u00f3 que no se tiene contemplado el impuesto del 1.5 por ciento anunciado el viernes tras una reuni\u00f3n con diputados locales.<br><\/p>\n\n\n\n<p>&#8220;Le preguntan al que no sabe en ese tema, aqu\u00ed el que sabe del tema es Manuel Vital (secretario de Desarrollo Sustentable), que es el que est\u00e1 coordinando totalmente la negociaci\u00f3n junto con &nbsp;la Agencia Estatal del Transporte&#8221;, aclar\u00f3.<br><\/p>\n\n\n\n<p>Acept\u00f3 la existencia de &nbsp;contradicciones en las declaraciones de los funcionarios estatales e insisti\u00f3 en que gir\u00f3 instrucciones a su equipo para no hacer declaraciones fuera de su \u00e1rea.<br><\/p>\n\n\n\n<p>&#8220;Yo di instrucciones hoy: Nadie del gabinete puede opinar de un \u00e1rea que no sea la que \u00e9l est\u00e1 dirigiendo, y este tema solamente lo ver\u00e1 Manuel Vital.<br><\/p>\n\n\n\n<p>&#8220;A partir de la semana que entra ser\u00e9 yo el vocero del Gobierno, el Gobernador se convertir\u00e1 en el vocero del Gobierno, para que no haya este tipo de que alguien dijo, y que el otro dijo, y que rectificamos y no rectificamos&#8221;.<br><\/p>\n\n\n\n<p>Rodr\u00edguez mencion\u00f3 que &nbsp;el impuesto ya se est\u00e1 discutiendo con las plataformas y se ver\u00e1 la posibilidad de incluirlo en la iniciativa definitiva de Ley de Movilidad que el Congreso estatal pretende votar en el per\u00edodo ordinario que inicia en septiembre.<br><\/p>\n\n\n\n<p>En el actual gobierno de Jaime Rodr\u00edguez en temas de seguridad y algunos otros del momento ha habido discrepancias en las declaraciones, lo que ahora quiere corregir El Bronco.<br><\/p>\n","protected":false},"excerpt":{"rendered":"<p>Monterrey, N. L- &#8220;A partir de la semana que entra ser\u00e9 yo el vocero del Gobierno, el Gobernador se convertir\u00e1 en el vocero del Gobierno, para que no haya este tipo de que alguien dijo, y que el otro dijo, y que rectificamos y no rectificamos&#8221;, anunci\u00f3 El Bronco. De esta manera, el gobernador Jaime [&hellip;]<\/p>\n","protected":false},"author":1,"featured_media":8311,"comment_status":"open","ping_status":"open","sticky":true,"template":"","format":"standard","meta":{"footnotes":""},"categories":[6],"tags":[],"_links":{"self":[{"href":"https:\/\/diariodigitalmx.com\/index.php\/wp-json\/wp\/v2\/posts\/8308"}],"collection":[{"href":"https:\/\/diariodigitalmx.com\/index.php\/wp-json\/wp\/v2\/posts"}],"about":[{"href":"https:\/\/diariodigitalmx.com\/index.php\/wp-json\/wp\/v2\/types\/post"}],"author":[{"embeddable":true,"href":"https:\/\/diariodigitalmx.com\/index.php\/wp-json\/wp\/v2\/users\/1"}],"replies":[{"embeddable":true,"href":"https:\/\/diariodigitalmx.com\/index.php\/wp-json\/wp\/v2\/comments?post=8308"}],"version-history":[{"count":2,"href":"https:\/\/diariodigitalmx.com\/index.php\/wp-json\/wp\/v2\/posts\/8308\/revisions"}],"predecessor-version":[{"id":8310,"href":"https:\/\/diariodigitalmx.com\/index.php\/wp-json\/wp\/v2\/posts\/8308\/revisions\/8310"}],"wp:featuredmedia":[{"embeddable":true,"href":"https:\/\/diariodigitalmx.com\/index.php\/wp-json\/wp\/v2\/media\/8311"}],"wp:attachment":[{"href":"https:\/\/diariodigitalmx.com\/index.php\/wp-json\/wp\/v2\/media?parent=8308"}],"wp:term":[{"taxonomy":"category","embeddable":true,"href":"https:\/\/diariodigitalmx.com\/index.php\/wp-json\/wp\/v2\/categories?post=8308"},{"taxonomy":"post_tag","embeddable":true,"href":"https:\/\/diariodigitalmx.com\/index.php\/wp-json\/wp\/v2\/tags?post=8308"}],"curies":[{"name":"wp","href":"https:\/\/api.w.org\/{rel}","templated":true}]}}