{"id":8315,"date":"2019-07-17T16:31:46","date_gmt":"2019-07-17T21:31:46","guid":{"rendered":"http:\/\/diariodigitalmx.com\/?p=8315"},"modified":"2019-07-17T16:32:10","modified_gmt":"2019-07-17T21:32:10","slug":"miguel-aleman-magnani-compra-radiopolis-a-televisa","status":"publish","type":"post","link":"https:\/\/diariodigitalmx.com\/index.php\/2019\/07\/17\/miguel-aleman-magnani-compra-radiopolis-a-televisa\/","title":{"rendered":"Miguel Alem\u00e1n Magnani, compra Radiopolis a Televisa"},"content":{"rendered":"\n<p><strong>M<\/strong>El\nempresario Miguel Alem\u00e1n Magnani adquiri\u00f3 por mil 248 millones de pesos las\nacciones de Grupo Televisa en la cadena Radi\u00f3polis, integrada por 17 estaciones\nde radio, seis de las cuales se transmiten en la Ciudad de M\u00e9xico, como la XEW\ny La Ke Buena.<\/p>\n\n\n\n<p>De esta manera, Televisa dice adi\u00f3s a la industria de la radio,\n88 a\u00f1os despu\u00e9s de echar al aire a la m\u00edtica XEW, \u201cla voz de Am\u00e9rica Latina\ndesde M\u00e9xico\u201d, que fue la base del imperio de los Azc\u00e1rraga.<\/p>\n\n\n\n<figure><iframe width=\"1\" height=\"1\"><\/iframe><\/figure>\n\n\n\n<p>El\ngrupo espa\u00f1ol Prisa posee el otro 50% de las acciones de Radi\u00f3polis desde el\na\u00f1o 2002 y en la capital del pa\u00eds opera las estaciones W Radio, 40 Principales,\nKe Buena, XEQ Radio, Televisa Deportes W y Ke Buena 940am, siendo el segundo\ngrupo de mayor preferencia en la capital.\n\n\n\n<\/p>\n\n\n\n<p>A trav\u00e9s de un comunicado, Grupo Televisa confirm\u00f3 que\nCorporativo Coral, una empresa de la familia Alem\u00e1n, acord\u00f3 adquirir la\nposici\u00f3n accionaria de Televisa correspondiente al 50% de Sistemas Radi\u00f3polis.<\/p>\n\n\n\n<p>Como\ncontraprestaci\u00f3n por la venta, Televisa recibir\u00e1 mil 248 millones de pesos,\naproximadamente 65 millones de d\u00f3lares.<\/p>\n\n\n\n<p>&#8220;Al\ncierre, Televisa tambi\u00e9n recibir\u00e1 un dividendo de aproximadamente 200 millones\nde pesos&#8221;, agreg\u00f3.<\/p>\n\n\n\n<p>Explic\u00f3\nque la venta de la participaci\u00f3n accionaria en Radi\u00f3polis es parte de sus\nplanes previamente anunciados para deshacerse de ciertas operaciones no\nestrat\u00e9gicas con el fin de concentrar sus recursos en sus activos de contenido\ny distribuci\u00f3n.<\/p>\n\n\n\n<p>&#8220;La\ntransacci\u00f3n est\u00e1 sujeta al cumplimiento de las condiciones habituales de\ncierre&#8221;, precis\u00f3.<\/p>\n","protected":false},"excerpt":{"rendered":"<p>MEl empresario Miguel Alem\u00e1n Magnani adquiri\u00f3 por mil 248 millones de pesos las acciones de Grupo Televisa en la cadena Radi\u00f3polis, integrada por 17 estaciones de radio, seis de las cuales se transmiten en la Ciudad de M\u00e9xico, como la XEW y La Ke Buena. De esta manera, Televisa dice adi\u00f3s a la industria de [&hellip;]<\/p>\n","protected":false},"author":1,"featured_media":8317,"comment_status":"open","ping_status":"open","sticky":true,"template":"","format":"standard","meta":{"footnotes":""},"categories":[10],"tags":[],"_links":{"self":[{"href":"https:\/\/diariodigitalmx.com\/index.php\/wp-json\/wp\/v2\/posts\/8315"}],"collection":[{"href":"https:\/\/diariodigitalmx.com\/index.php\/wp-json\/wp\/v2\/posts"}],"about":[{"href":"https:\/\/diariodigitalmx.com\/index.php\/wp-json\/wp\/v2\/types\/post"}],"author":[{"embeddable":true,"href":"https:\/\/diariodigitalmx.com\/index.php\/wp-json\/wp\/v2\/users\/1"}],"replies":[{"embeddable":true,"href":"https:\/\/diariodigitalmx.com\/index.php\/wp-json\/wp\/v2\/comments?post=8315"}],"version-history":[{"count":1,"href":"https:\/\/diariodigitalmx.com\/index.php\/wp-json\/wp\/v2\/posts\/8315\/revisions"}],"predecessor-version":[{"id":8316,"href":"https:\/\/diariodigitalmx.com\/index.php\/wp-json\/wp\/v2\/posts\/8315\/revisions\/8316"}],"wp:featuredmedia":[{"embeddable":true,"href":"https:\/\/diariodigitalmx.com\/index.php\/wp-json\/wp\/v2\/media\/8317"}],"wp:attachment":[{"href":"https:\/\/diariodigitalmx.com\/index.php\/wp-json\/wp\/v2\/media?parent=8315"}],"wp:term":[{"taxonomy":"category","embeddable":true,"href":"https:\/\/diariodigitalmx.com\/index.php\/wp-json\/wp\/v2\/categories?post=8315"},{"taxonomy":"post_tag","embeddable":true,"href":"https:\/\/diariodigitalmx.com\/index.php\/wp-json\/wp\/v2\/tags?post=8315"}],"curies":[{"name":"wp","href":"https:\/\/api.w.org\/{rel}","templated":true}]}}