{"id":8318,"date":"2019-07-17T16:39:20","date_gmt":"2019-07-17T21:39:20","guid":{"rendered":"http:\/\/diariodigitalmx.com\/?p=8318"},"modified":"2019-07-17T16:46:17","modified_gmt":"2019-07-17T21:46:17","slug":"praxedis-a-26-anos-de-su-asesinato-la-historia-detras-del-crimen","status":"publish","type":"post","link":"https:\/\/diariodigitalmx.com\/index.php\/2019\/07\/17\/praxedis-a-26-anos-de-su-asesinato-la-historia-detras-del-crimen\/","title":{"rendered":"Praxedis, a 26 a\u00f1os de su asesinato; la Historia detr\u00e1s del cr\u00edmen"},"content":{"rendered":"\n<p>Una cr\u00f3nica  de: Francisco J. Pe\u00f1a Medina<\/p>\n\n\n\n<p>De pronto,  unos fuertes toquidos azotaron la puerta de mi rec\u00e1mara. Son las seis de la ma\u00f1ana y me despierto sobresaltado a ver que sucede.  Lo primero que imagin\u00e9, fue que tras el umbral del cuarto me acechaba un mal presagio.<\/p>\n\n\n\n<p>Al salir de la habitaci\u00f3n, observo la figura petrificada  del ex boxeador profesional Jes\u00fas Godoy Alvarado, escolta personal de Praxedis Fraustro Esquivel, l\u00edder nacional del Sindicato Ferrocarrilero y diputado local por Nuevo Le\u00f3n.<\/p>\n\n\n\n<p>_. \u00a1Paco mataron al \u2018Negro!_me solt\u00f3 a bocajarro mientras estrellaba sus pu\u00f1os en uno de los muros del departamento de un quinto piso del edificio donde viv\u00ed por m\u00e1s de cinco a\u00f1os en el centro de Monterrey.<\/p>\n\n\n\n<p>_. C\u00e1lmate cabr\u00f3n, \u00bfandas borracho o qu\u00e9 Godoy?._le pregunt\u00e9 incr\u00e9dulo y confundido.<\/p>\n\n\n\n<p>Exaltado, con los ojos inyectados de rabia, angustiado  y convulsivo respondi\u00f3:<\/p>\n\n\n\n<p>_. \u00a1Es en serio lo asesinaron en el hotel Pontevedra!, lo encontraron muerto en el estacionamiento, vengo con el \u2018Toro\u2019 (H\u00e9ctor, hijo de Praxedis) me est\u00e1 esperando abajo en el carro\u2019._me dijo y s\u00e9 quebr\u00f3. No pudo mas y estall\u00f3 en llanto.<\/p>\n\n\n\n<ul class=\"wp-block-gallery columns-1 is-cropped wp-block-gallery-1 is-layout-flex wp-block-gallery-is-layout-flex\"><li class=\"blocks-gallery-item\"><figure><img loading=\"lazy\" decoding=\"async\" width=\"202\" height=\"249\" src=\"http:\/\/diariodigitalmx.com\/wp-content\/uploads\/2019\/07\/IMG-20190717-WA0019.jpg\" alt=\"\" data-id=\"8322\" data-link=\"http:\/\/diariodigitalmx.com\/index.php\/2019\/07\/17\/praxedis-a-26-anos-de-su-asesinato-la-historia-detras-del-crimen\/img-20190717-wa0019\/\" class=\"wp-image-8322\"\/><\/figure><\/li><\/ul>\n\n\n\n<p>Me pidi\u00f3 que me alistar\u00e1 para salir urgente a la ciudad de M\u00e9xico. \u00c9l estaba imposibilitado a viajar por causa de una lesi\u00f3n en un tobillo, que le provocaron unos aficionados  d\u00edas atr\u00e1s, durante una ri\u00f1a  en el estadio Azteca.<\/p>\n\n\n\n<p>Le suplique entonces que me dejara un momento a solas. Necesitaba asimilar el trago amargo de la fatal noticia.<\/p>\n\n\n\n<p>De pronto sent\u00ed una extra\u00f1a desolaci\u00f3n que me dej\u00f3 sin aliento. La muerte de Praxedis significaba para mi perder un amigo leal, a un hermano. Un ser humano bondadoso.<\/p>\n\n\n\n<p>Con su ausencia fuimos muriendo tambi\u00e9n un poquito cada d\u00eda los que lo quisimos y atesoramos de \u00e9l  un c\u00famulo de an\u00e9cdotas y recuerdos en nuestra vida.<\/p>\n\n\n\n<p>Esa ma\u00f1ana  abord\u00e9 junto a do\u00f1a Micaela Gonz\u00e1lez su esposa y H\u00e9ctor Fraustro el &#8220;Torito&#8221;, un avi\u00f3n de Aeromexico rumbo a la capital del pa\u00eds.<\/p>\n\n\n\n<p>Ya estaban all\u00e1 sus otros tres hijos: Mary, Erika y Enrique quienes planeaban acompa\u00f1ar a su padre al 84 Aniversario de la Nacionalizaci\u00f3n de los Ferrocarriles en M\u00e9xico<\/p>\n\n\n\n<p>A la ceremonia asistir\u00eda el entonces presidente Carlos Salinas de Gortari.  Personaje de no grata memoria que impuls\u00f3 desde su gobierno la privatizaci\u00f3n de la paraestatal, que consumaria en 1996,  Ernesto Zedillo su sucesor. Que iron\u00eda.<\/p>\n\n\n\n<p>Fue el s\u00e1bado 17 de julio de 1993 cuando la tragedia toc\u00f3 a mi puerta.<\/p>\n\n\n\n<figure class=\"wp-block-image\"><img loading=\"lazy\" decoding=\"async\" width=\"576\" height=\"1024\" src=\"http:\/\/diariodigitalmx.com\/wp-content\/uploads\/2019\/07\/IMG-20190717-WA0017-576x1024.jpg\" alt=\"\" class=\"wp-image-8324\" srcset=\"https:\/\/diariodigitalmx.com\/wp-content\/uploads\/2019\/07\/IMG-20190717-WA0017-576x1024.jpg 576w, https:\/\/diariodigitalmx.com\/wp-content\/uploads\/2019\/07\/IMG-20190717-WA0017-169x300.jpg 169w, https:\/\/diariodigitalmx.com\/wp-content\/uploads\/2019\/07\/IMG-20190717-WA0017.jpg 720w\" sizes=\"(max-width: 576px) 100vw, 576px\" \/><\/figure>\n\n\n\n<p>La pesadilla apenas comenzaba.<\/p>\n\n\n\n<hr class=\"wp-block-separator\"\/>\n\n\n\n<p>La noche del viernes 16 de julio de 1993, a escasas cuatro horas del cruel asesinato, habl\u00e9 con Praxedis desde su casa de la colonia San Jos\u00e9 en Monterrey.<\/p>\n\n\n\n<p>Fue do\u00f1a Mica, su gentil esposa qui\u00e9n me lo puso al tel\u00e9fono.<\/p>\n\n\n\n<p>Don Paco es Praxedis quiere hablar con usted. me dijo, ajena a los negros nubarrones que se cern\u00edan sobre el horizonte.<\/p>\n\n\n\n<p>_.\u00bfC\u00f3mo est\u00e1s Paco, qu\u00e9 tal te fue con el asunto de Rogelio  Montemayor?, me pregunt\u00f3 ansioso del otro lado de la l\u00ednea.<\/p>\n\n\n\n<p>La v\u00edspera, el l\u00edder me  encarg\u00f3 coordinar la compra de miles de camisetas y gorras que el sindicato ferrocarrilero enviar\u00eda en apoyo a la campa\u00f1a del candidato del PRI a la gubernatura de Coahuila.<\/p>\n\n\n\n<p>\u2014- Muy bien\u2014le dije\u2014me quite de encima al intermediario y consegu\u00ed directamente con el fabricante un 20 por ciento m\u00e1s de camisetas y gorras,  el precio incluye el estampado del promocional de la campa\u00f1a.<\/p>\n\n\n\n<p>\u2014- \u00a1A toda madre!, a m\u00ed tambi\u00e9n me fue bien, le cante sus verdades al pinche V\u00edctor Flores, le advert\u00ed que si no le pagaba al sindicato lo que le debe lo iba a meter al bote al hijo de la chingada._me respondi\u00f3 con voz firme y un tanto irritado.<\/p>\n\n\n\n<p>Ese d\u00eda Praxedis hab\u00eda tenido una comida con los miembros de su Comit\u00e9 Ejecutivo, previo al evento que sostendr\u00eda el s\u00e1bado 17 de julio  para celebrar la nacionalizaci\u00f3n ferroviaria en M\u00e9xico.<\/p>\n\n\n\n<p>En aquella reuni\u00f3n se encontraba V\u00edctor Flores Morales, entonces Tesorero del gremio y ac\u00e9rrimo enemigo del l\u00edder.<\/p>\n\n\n\n<p>Despu\u00e9s me enter\u00e9 por mis secretarias de la oficina de prensa, que el enfrentamiento verbal hab\u00eda sido tenso.<\/p>\n\n\n\n<p>\u201c\u00a1No te tengo miedo cabr\u00f3n!, voy a estar en el hotel Pontevedra por si algo se te ofrece\u201d, me platicaron, ret\u00f3 \u201cEl Negro\u201d a Flores Morales quien manso el hombrecillo, solo atin\u00f3 a agachar la cabeza.<\/p>\n\n\n\n<p>Recuerdo que durante la conversaci\u00f3n telef\u00f3nica le pregunt\u00e9 a Praxedis que si quer\u00eda lo pod\u00eda alcanzar en el Distrito Federal, al fin y al cabo contaba con boletos de avi\u00f3n con reservaci\u00f3n abierta y se estilaban en esas fechas los vuelos \u201ctecolotes\u201d, que despegaban entrada la noche de Monterrey.<\/p>\n\n\n\n<p>_.No hay necesidad, el Presidente Salinas trae su pool de prensa, mejor c\u00f3mprame carne para asarla en la casa, cerveza y una botella de whisky y vayan por m\u00ed al aeropuerto, yo te aviso a que horas llego._me coment\u00f3 a modo de despedida.<\/p>\n\n\n\n<p>Nunca lleg\u00f3 y esas fueron las \u00faltimas palabras que le escuch\u00e9.<\/p>\n\n\n\n<p>El desenlace fatal estaba por suceder.<\/p>\n\n\n\n<hr class=\"wp-block-separator\"\/>\n\n\n\n<p>Es la madrugada del s\u00e1bado 17 de julio de 1993. El verano presagia tragedia.<\/p>\n\n\n\n<p>Ocultos en la penumbra del estacionamiento del Hotel Pontevedra en la ciudad de M\u00e9xico, dos pistoleros esperan expectantes a su v\u00edctima como bestias sedientas de sangre.<\/p>\n\n\n\n<p>Minutos despu\u00e9s, un Marquis color vino que conducia el diputado Praxedis Fraustro Esquivel se desliza suavemente y se introduce al interior de la estancia donde ya lo estaban acechando.<\/p>\n\n\n\n<p>Tras descender del veh\u00edculo, el l\u00edder ferrocarrilero es acribillado de dos certeros balazos, uno le estall\u00f3 en la nuca y el otro en la espalda. Los verdugos no se atrevieron a matarlo de frente, a mirarlo a la cara los muy cobardes.<\/p>\n\n\n\n<p>Su muerte ha dejado una estela de dudas y sospechas en el gremio del riel y en los intrincados laberintos de la pol\u00edtica nacional.<\/p>\n\n\n\n<p>A saber, dos son las rutas que convergen en el m\u00f3vil del homicidio que los corruptos aparatos de justicia no han tenido la voluntad de investigar a fondo y castigar a los culpables del homicidio.<\/p>\n\n\n\n<p>Una ruta tiene su troncal en los Pinos y se empieza a construir a la mitad del sexenio de Carlos Salinas de Gortari. Desde ah\u00ed se da la conspiraci\u00f3n encabezada por el fallecido Andr\u00e9s Caso Lombardo, Secretario de Comunicaciones y Transportes del salinato.<\/p>\n\n\n\n<p>El funcionario federal al que el presidente apreciaba tanto al grado de llamarlo &#8220;T\u00edo&#8221;, intriga con Salinas en contra del l\u00edder sindical, f\u00e9rreo opositor a la privatizaci\u00f3n de los ferrocarriles y con qui\u00e9n manten\u00eda una rispida relaci\u00f3n por esa misma causa y otras m\u00e1s personales.<\/p>\n\n\n\n<p>De hecho, en la participaci\u00f3n que tendr\u00eda en la explanada de Buenavista el s\u00e1bado con motivo de la expropiaci\u00f3n ferroviaria, ceremonia a la que asistir\u00eda Salinas de Gortari, Praxedis har\u00eda un fuerte pronunciamiento.<\/p>\n\n\n\n<p>En las l\u00edneas discursivas contemplaba una frase en la que expresar\u00eda, en franco desaf\u00edo al sistema y frente al presidente de la Rep\u00fablica lo siguiente:<\/p>\n\n\n\n<p>\u00abEstoy dispuesto a dar mi vida y ofrendar mi sangre si es necesario, antes de ver otra vez los ferrocarriles en manos extranjeras\u00bb.<\/p>\n\n\n\n<p>Lo s\u00e9, porque como su jefe de prensa me correspondi\u00f3 elaborar el discurso, el cual envi\u00e9 para su revisi\u00f3n dos dias antes del evento via fax a Efrain Garc\u00eda Torres, su Secretario Particular.<\/p>\n\n\n\n<p>As\u00ed Efrain, tuvo acceso directo antes que Praxedis al documento.<\/p>\n\n\n\n<p>M\u00e1s tarde se especul\u00f3 que Garc\u00eda Torres habr\u00eda filtrado informaci\u00f3n sobre el contenido del discurso a altos directivos de Ferrocarriles Nacionales de M\u00e9xico, con los que ten\u00eda amistad.<\/p>\n\n\n\n<p>D\u00edas despu\u00e9s del asesinato de Praxedis detuvieron a Efrain junto con el maquinista Vicente Valencia Saavedra y fueron recluidos en el Reclusorio Preventivo Norte acusados por la PGR de estar involucrados en el crimen.<\/p>\n\n\n\n<p>Un a\u00f1o despu\u00e9s saldr\u00edan libres por falta de pruebas. Para muchos fueron solo &#8220;chivos expiatorios&#8221;  en el despliegue de una cortina de humo en torno al crimen, a fin de bajarle presi\u00f3n a las lentas y ama\u00f1adas investigaciones sobre el caso.<\/p>\n\n\n\n<p>La otra ruta parte del tenebroso grupo \u00abH\u00e9roe de Nacozari\u00bb cuyas cabezas visibles siguen siendo los veracruzanos Jorge Peralta Vargas al que El Negro le infringio una vergonzosa derrota en la lucha por la dirigencia nacional del sindicato y V\u00edctor Flores Morales el actual Secretario General, rival frontal de Praxedis y principal beneficiario de su muerte.<\/p>\n\n\n\n<p>Ambos periplos confluyen en un punto: el asesinato y se entremezclan en una complicidad siniestra.<\/p>\n\n\n\n<p>Todo para callar una voz cr\u00edtica, inc\u00f3moda y discordante, la de Praxedis Fraustro Esquivel que nunca fue d\u00f3cil a sus sucios intereses y siempre se opuso a que las ambiciones de poder y riqueza fragmentaran los derechos y el bienestar de los ferrocarrileros.<\/p>\n\n\n\n<p>Salvado por la v\u00eda sangrienta el obst\u00e1culo que representaba Praxedis Fraustro Esquivel en sus fines perversos, este par de gagnsters y esquiroles del sindicalismo iniciaron, en contubernio con  Caso Lombardo, las maniobras  para tomar por asalto el Sindicato de Trabajadores Ferrocarrileros de la Rep\u00fablica Mexicana.<\/p>\n\n\n\n<p>Para esto, imponen como dirigente interino a Antonio Castellanos Tovar, un anciano decr\u00e9pito impedido por estatutos en ocupar el cargo por su condici\u00f3n de jubilado.<\/p>\n\n\n\n<p>Eso era lo de menos, la impunidad del gobierno salinista arropaba a Peralta Vargas y a Flores Morales. Necesitaban una marioneta que les permitiera moverle los hilos a su antojo.<\/p>\n\n\n\n<p>Dos a\u00f1os despu\u00e9s, en 1995, irrumpe en la dirigencia nacional: V\u00edctor F\u00e9lix Flores Morales. Un personaje pat\u00e9tico. Prieto, flaco, chaparro, de barba rala y ojos de serpiente, que en su juventud ense\u00f1aba clases de vals a las quincea\u00f1eras en su natal Veracruz.<\/p>\n\n\n\n<p>A su su arribo, ya instalado en el poder el presidente Ernesto Zedillo, el &#8220;hombrecillo&#8221; inicia en contubernio con su gobierno, el desmantelamiento de la fuerza laboral sindicalizada a trav\u00e9s del ventajoso Programa de Retiro Voluntario a fin de dejar la &#8220;mesa servida&#8221; al proceso privatizador de FERRONALES.<\/p>\n\n\n\n<ul class=\"wp-block-gallery columns-1 is-cropped wp-block-gallery-2 is-layout-flex wp-block-gallery-is-layout-flex\"><li class=\"blocks-gallery-item\"><figure><img loading=\"lazy\" decoding=\"async\" width=\"278\" height=\"181\" src=\"http:\/\/diariodigitalmx.com\/wp-content\/uploads\/2019\/07\/IMG-20190717-WA0018.jpg\" alt=\"\" data-id=\"8326\" data-link=\"http:\/\/diariodigitalmx.com\/index.php\/2019\/07\/17\/praxedis-a-26-anos-de-su-asesinato-la-historia-detras-del-crimen\/img-20190717-wa0018\/\" class=\"wp-image-8326\"\/><\/figure><\/li><\/ul>\n\n\n\n<p>Cuentan que Flores Morales sol\u00eda aparecerse en las fuentes de trabajo acompa\u00f1ado de un achichincle que le cargaba un portafolio y a su paso ordenaba: &#8220;dale 15 mil m\u00e1s\u00bb, dale 20 mil&#8221; m\u00e1s\u00bb, para que se jubilaran con la promesa de reinstalarlos despu\u00e9s. Nunca cumpli\u00f3.<\/p>\n\n\n\n<p>En 1996 su servilismo le fue recompensado con elogios, pero tambi\u00e9n con carretadas de billetes. A punto de concretar el decreto de privatizaci\u00f3n Zedillo acudi\u00f3 un 7 de noviembre a los festejos del D\u00eda del Ferrocarrilero que organiz\u00f3 el sindicato y se   refiri\u00f3 as\u00ed a V\u00edctor Flores, seguramente por su entreguismo y deslealtad a la clase obrera.<\/p>\n\n\n\n<p>_.Agradezco en especial al liderazgo firme, combativo y comprometido con las mejores causas de M\u00e9xico y de su gremio, \u00a1el compa\u00f1ero, V\u00edctor Flores&#8221;, fue la frase emocionada del mandatario para su buf\u00f3n.<\/p>\n\n\n\n<p>Pocos meses despu\u00e9s, Zedillo anunci\u00f3 la privatizaci\u00f3n de FNM. En forma paulatina, en un proceso que a\u00fan no concluye, el Estado empez\u00f3 a retirarse de la operaci\u00f3n de la empresa creada por Porfirio D\u00edaz en 1910 y escenario de una de las huelgas de comunistas m\u00e1s emblem\u00e1ticas, la de Demetrio Vallejo en 1959.<\/p>\n\n\n\n<p>Paradojas del destino, aquel maestro de baile, que en 1974 inicio en el oficio de guardacruceros, cambiando los destinos de los trenes en su natal Veracruz, se prest\u00f3 a dar los cambios de se\u00f1ales en el proceso de privatizaci\u00f3n.<\/p>\n\n\n\n<p>Sin duda 1996 fue un a\u00f1o de bonanza y abundancia para Flores Morales. Las penurias quedaron atr\u00e1s. Los recuerdos de la infancia y juventud viviendo en un tejaban de paredes de madera y techo de l\u00e1mina en la calle Guerrero 1140 en la colonia Centro del puerto jarocho se diluyeron.<\/p>\n\n\n\n<p>Tambi\u00e9n qued\u00f3 en el olvido el departamento pintarajeado de graffiti del populoso barrio de la Guerrero del DF donde vivi\u00f3 como un paria.<\/p>\n\n\n\n<p>_.En esa \u00e9poca, Flores estaba jodido\u201d._abona un ferrocarrilero jubilado, avecinado en esa colonia.<\/p>\n\n\n\n<p>\u201cNo se cambiaba de ropa. Siempre con una gabardina vieja, hiciera calor o fr\u00edo. Le llegaba hasta los pies, casi la arrastraba. \u00c9l se ve\u00eda m\u00e1s chaparro, con el perd\u00f3n.<\/p>\n\n\n\n<p>Pero eso es historia. De pronto, por obra y gracia de los gobiernos en turno, a los que sirve de vil cortesano y a costa de sangrar el patrimonio de los ferrocarrileros  este depredador del sindicalismo mexicano vive como jeque \u00e1rabe.<\/p>\n\n\n\n<p>Es com\u00fan verlo ahora cerrando negocios en el exclusivo restaurante Angus de la Zona Rosa, pagando en una sentada cuentas de hasta cien mil pesos, pase\u00e1ndose por las calles de la capital en lujosos BMW, ornamentado su diminuta humanidad con joyas caras, acompa\u00f1ado de un s\u00e9quito de guaruras y &#8220;remodelandole las nalgas a sus amigas&#8221;.<\/p>\n\n\n\n<p>Una burla para los trabajadores del riel a quienes ha esquilmado y traicionado, que sufren las de Ca\u00edn para mantener y sacar adelante a sus familias.<\/p>\n\n\n\n<p>Para el r\u00e9cord Guinness, Flores Morales acumula m\u00e1s de 14 mil demandas judiciales en la Procuradur\u00eda General de la Rep\u00fablica.<\/p>\n\n\n\n<p>Est\u00e1 acusado del saqueo del fideicomiso para la jubilaci\u00f3n en el proceso de privatizaci\u00f3n de Ferrocarriles Nacionales de M\u00e9xico entre 1995 y 1996, la ficticia venta de casas del Infonavit en Azcapotzalco y Tlalnepantla en 2001, y el fraude a pensionados de Benjam\u00edn Hill, Sonora en 2006, entre otras triqui\u00f1uelas.<\/p>\n\n\n\n<p>En cada historia hay dinero. M\u00e1s de 700 millones de pesos, si se sigue el rastro que dejan las denuncias.<\/p>\n\n\n\n<p>A todo esto se suma que sobre sus espaldas recae ser se\u00f1alado ante la justicia como autor intelectual del asesinato de Praxedis Fraustro Esquivel hace m\u00e1s de un cuarto de Siglo.<\/p>\n\n\n\n<p>Pero hasta el momento, para este  octogenario, ejemplo de lo m\u00e1s acabado de la corrupci\u00f3n del sindicalismo charro que nos dej\u00f3 el priismo, no hay espada ni balanza que lo someta al imperio de la ley.<\/p>\n\n\n\n<p>&#8220;De manera incre\u00edble goza de una impunidad insultante. Un oscuro arreglo, que ahora se ve muy claro, debieron haber realizado el Dr. Ernesto Zedillo, el Lic. Vicente Fox y Enrique Pe\u00f1a Nieto para que este peque\u00f1o hombrecillo altanero se burle de la justicia y del pueblo de M\u00e9xico\u00bb cita el periodista Fernando Miranda Servin en su libro Un Asesino en el Sindicato.<\/p>\n\n\n\n<p>La muerte de Praxedis cal\u00f3 hondo entre quienes estuvimos a su lado los \u00faltimos d\u00edas.<\/p>\n\n\n\n<ul class=\"wp-block-gallery columns-1 is-cropped wp-block-gallery-3 is-layout-flex wp-block-gallery-is-layout-flex\"><li class=\"blocks-gallery-item\"><figure><img loading=\"lazy\" decoding=\"async\" width=\"576\" height=\"1024\" src=\"http:\/\/diariodigitalmx.com\/wp-content\/uploads\/2019\/07\/IMG-20190717-WA0016-576x1024.jpg\" alt=\"\" data-id=\"8328\" data-link=\"http:\/\/diariodigitalmx.com\/index.php\/2019\/07\/17\/praxedis-a-26-anos-de-su-asesinato-la-historia-detras-del-crimen\/img-20190717-wa0016\/\" class=\"wp-image-8328\" srcset=\"https:\/\/diariodigitalmx.com\/wp-content\/uploads\/2019\/07\/IMG-20190717-WA0016-576x1024.jpg 576w, https:\/\/diariodigitalmx.com\/wp-content\/uploads\/2019\/07\/IMG-20190717-WA0016-169x300.jpg 169w, https:\/\/diariodigitalmx.com\/wp-content\/uploads\/2019\/07\/IMG-20190717-WA0016.jpg 720w\" sizes=\"(max-width: 576px) 100vw, 576px\" \/><\/figure><\/li><\/ul>\n\n\n\n<p>Porque fue un hombre bueno, que honraba la amistad y la palabra.<\/p>\n\n\n\n<p>Un tipo alegre de eterna sonrisa, ocurrente y sencillo, pero que finalmente sucumbi\u00f3 bajo las garras de un sistema corrupto e insensible al que desaf\u00edo oponi\u00e9ndose a la ama\u00f1ada privatizaci\u00f3n de los ferrocarriles.<\/p>\n\n\n\n<p>En cifras, su vida cost\u00f3 m\u00e1s de 4 mil millones de d\u00f3lares.<\/p>\n\n\n\n<p>Tras su partida me consta, fue largo el peregrinar de su familia al Distrito Federal, en busca voy una entrevista con el, en aquel tiempo, procurador capitalino Diego Valadez, a fin de exigir el esclarecimiento del caso, incluso en una acci\u00f3n desesperada un grupo de amigos acudimos a la revista Proceso para contar nuestra verdad sobre los acontecimientos.<\/p>\n\n\n\n<p>Todo fue en vano, el crimen sigue impune a 26 a\u00f1os de distancia.<\/p>\n\n\n\n<p>Mientras tanto, en el Pante\u00f3n de El Roble en Monterrey una tumba guarda los restos de un l\u00edder que no debi\u00f3 morir as\u00ed y que clama justicia desde el sepulcro.<\/p>\n\n\n\n<p>Y en el otro extremo de esta infamia, amparado en la complicidad del gobierno, un asesino sigue suelto en el sindicato, amasando fortuna y desprestigiando al otrora combativo gremio de los ferrocarrileros.<\/p>\n","protected":false},"excerpt":{"rendered":"<p>Una cr\u00f3nica de: Francisco J. Pe\u00f1a Medina De pronto, unos fuertes toquidos azotaron la puerta de mi rec\u00e1mara. Son las seis de la ma\u00f1ana y me despierto sobresaltado a ver que sucede. Lo primero que imagin\u00e9, fue que tras el umbral del cuarto me acechaba un mal presagio. Al salir de la habitaci\u00f3n, observo la [&hellip;]<\/p>\n","protected":false},"author":1,"featured_media":8320,"comment_status":"open","ping_status":"open","sticky":true,"template":"","format":"standard","meta":{"footnotes":""},"categories":[6],"tags":[],"_links":{"self":[{"href":"https:\/\/diariodigitalmx.com\/index.php\/wp-json\/wp\/v2\/posts\/8318"}],"collection":[{"href":"https:\/\/diariodigitalmx.com\/index.php\/wp-json\/wp\/v2\/posts"}],"about":[{"href":"https:\/\/diariodigitalmx.com\/index.php\/wp-json\/wp\/v2\/types\/post"}],"author":[{"embeddable":true,"href":"https:\/\/diariodigitalmx.com\/index.php\/wp-json\/wp\/v2\/users\/1"}],"replies":[{"embeddable":true,"href":"https:\/\/diariodigitalmx.com\/index.php\/wp-json\/wp\/v2\/comments?post=8318"}],"version-history":[{"count":5,"href":"https:\/\/diariodigitalmx.com\/index.php\/wp-json\/wp\/v2\/posts\/8318\/revisions"}],"predecessor-version":[{"id":8329,"href":"https:\/\/diariodigitalmx.com\/index.php\/wp-json\/wp\/v2\/posts\/8318\/revisions\/8329"}],"wp:featuredmedia":[{"embeddable":true,"href":"https:\/\/diariodigitalmx.com\/index.php\/wp-json\/wp\/v2\/media\/8320"}],"wp:attachment":[{"href":"https:\/\/diariodigitalmx.com\/index.php\/wp-json\/wp\/v2\/media?parent=8318"}],"wp:term":[{"taxonomy":"category","embeddable":true,"href":"https:\/\/diariodigitalmx.com\/index.php\/wp-json\/wp\/v2\/categories?post=8318"},{"taxonomy":"post_tag","embeddable":true,"href":"https:\/\/diariodigitalmx.com\/index.php\/wp-json\/wp\/v2\/tags?post=8318"}],"curies":[{"name":"wp","href":"https:\/\/api.w.org\/{rel}","templated":true}]}}