{"id":833,"date":"2019-03-05T11:09:42","date_gmt":"2019-03-05T17:09:42","guid":{"rendered":"http:\/\/diariodigitalmx.com\/?p=833"},"modified":"2019-03-05T11:09:43","modified_gmt":"2019-03-05T17:09:43","slug":"operativo-carrusel-contra-el-frio-en-monterrey","status":"publish","type":"post","link":"https:\/\/diariodigitalmx.com\/index.php\/2019\/03\/05\/operativo-carrusel-contra-el-frio-en-monterrey\/","title":{"rendered":"Operativo Carrusel contra el fr\u00edo en Monterrey"},"content":{"rendered":"\n<p>Redacci\u00f3n<\/p>\n\n\n\n<p>Alrededor de 400 personas se vieron beneficiadas con el Operativo Carrusel implementado por Protecci\u00f3n Civil de Monterrey y encabezado por el Secretario del Ayuntamiento, Manuel Cavazos Balderas.<\/p>\n\n\n\n<p>&nbsp;&nbsp;&nbsp; Con motivo del marcado descenso de temperatura que se present\u00f3 este lunes en la ciudad, a partir de las siete de la tarde se iniciaron recorridos por avenidas y calles de Monterrey, para asistir a personas en situaci\u00f3n de calle, brind\u00e1ndoles atenci\u00f3n prehospitalaria, cobijas, bebida caliente y piezas de pan.<\/p>\n\n\n\n<p>&nbsp;&nbsp; En el dispositivo particip\u00f3 personal de las \u00e1reas de Inspecci\u00f3n y Operativa, quienes fueron apoyados por elementos de la Polic\u00eda de Monterrey.<\/p>\n\n\n\n<p>\u201cProtecci\u00f3n Civil siempre est\u00e1 muy atento y se prepara el operativo carrusel. La instrucci\u00f3n del alcalde es muy clara y estamos cumpli\u00e9ndola y mientras siga la baja temperatura, puede ser hoy, puede ser ma\u00f1ana se har\u00e1 este operativo\u201d advirti\u00f3 el funcionario municipal<\/p>\n\n\n\n<p>&nbsp;&nbsp; Los elementos recorrieron los cruceros de 15 de Mayo entre Cuauht\u00e9moc y Pino Suarez; Matamoros y Zuazua, Democracia y Jim\u00e9nez, Madero y Porfirio D\u00edaz, &nbsp;Pino Su\u00e1rez y Arteaga, entre otros, donde apoyaron a personas en situaci\u00f3n de calle.<\/p>\n\n\n\n<p>&nbsp;&nbsp;&nbsp; Tambi\u00e9n brindaron ayuda a familiares de personas internadas en los diversos hospitales de la ciudad y que por proceder de otras ciudades, duermen en los alrededores de los nosocomios.<\/p>\n\n\n\n<p>&nbsp;&nbsp; Protecci\u00f3n Civil Municipal pone a disposici\u00f3n de la comunidad el tel\u00e9fono de emergencias de la corporaci\u00f3n 5102-8917 y el 911, para reportar a personas que se encuentren a la intemperie y requieran un lugar para resguardarse de las bajas temperaturas.<\/p>\n","protected":false},"excerpt":{"rendered":"<p>Redacci\u00f3n Alrededor de 400 personas se vieron beneficiadas con el Operativo Carrusel implementado por Protecci\u00f3n Civil de Monterrey y encabezado por el Secretario del Ayuntamiento, Manuel Cavazos Balderas. &nbsp;&nbsp;&nbsp; Con motivo del marcado descenso de temperatura que se present\u00f3 este lunes en la ciudad, a partir de las siete de la tarde se iniciaron recorridos [&hellip;]<\/p>\n","protected":false},"author":1,"featured_media":834,"comment_status":"open","ping_status":"open","sticky":true,"template":"","format":"standard","meta":{"footnotes":""},"categories":[6],"tags":[],"_links":{"self":[{"href":"https:\/\/diariodigitalmx.com\/index.php\/wp-json\/wp\/v2\/posts\/833"}],"collection":[{"href":"https:\/\/diariodigitalmx.com\/index.php\/wp-json\/wp\/v2\/posts"}],"about":[{"href":"https:\/\/diariodigitalmx.com\/index.php\/wp-json\/wp\/v2\/types\/post"}],"author":[{"embeddable":true,"href":"https:\/\/diariodigitalmx.com\/index.php\/wp-json\/wp\/v2\/users\/1"}],"replies":[{"embeddable":true,"href":"https:\/\/diariodigitalmx.com\/index.php\/wp-json\/wp\/v2\/comments?post=833"}],"version-history":[{"count":1,"href":"https:\/\/diariodigitalmx.com\/index.php\/wp-json\/wp\/v2\/posts\/833\/revisions"}],"predecessor-version":[{"id":835,"href":"https:\/\/diariodigitalmx.com\/index.php\/wp-json\/wp\/v2\/posts\/833\/revisions\/835"}],"wp:featuredmedia":[{"embeddable":true,"href":"https:\/\/diariodigitalmx.com\/index.php\/wp-json\/wp\/v2\/media\/834"}],"wp:attachment":[{"href":"https:\/\/diariodigitalmx.com\/index.php\/wp-json\/wp\/v2\/media?parent=833"}],"wp:term":[{"taxonomy":"category","embeddable":true,"href":"https:\/\/diariodigitalmx.com\/index.php\/wp-json\/wp\/v2\/categories?post=833"},{"taxonomy":"post_tag","embeddable":true,"href":"https:\/\/diariodigitalmx.com\/index.php\/wp-json\/wp\/v2\/tags?post=833"}],"curies":[{"name":"wp","href":"https:\/\/api.w.org\/{rel}","templated":true}]}}