{"id":8343,"date":"2019-07-17T17:16:18","date_gmt":"2019-07-17T22:16:18","guid":{"rendered":"http:\/\/diariodigitalmx.com\/?p=8343"},"modified":"2019-07-17T17:16:20","modified_gmt":"2019-07-17T22:16:20","slug":"el-nuevo-titular-de-la-direccion-general-deportiva-de-la-fmf-gerardo-torrado","status":"publish","type":"post","link":"https:\/\/diariodigitalmx.com\/index.php\/2019\/07\/17\/el-nuevo-titular-de-la-direccion-general-deportiva-de-la-fmf-gerardo-torrado\/","title":{"rendered":"El nuevo titular de la Direcci\u00f3n General Deportiva de la FMF, Gerardo Torrado"},"content":{"rendered":"\n<p>La\nFederaci\u00f3n Mexicana de Futbol anunci\u00f3 este mi\u00e9rcoles la nueva estructura de su\nDirecci\u00f3n General Deportiva, donde el exjugador Gerardo Torrado fue designado\ncomo titular.<\/p>\n\n\n\n<p>Tras su nombramiento, Torrado subray\u00f3: \u201cQueremos brindarle todas\nlas herramientas a nuestros jugadores j\u00f3venes para que sigan con su\ndesarrollo&#8221;, y dio a conocer el principal objetivo para cada una de las\nselecciones nacionales.<\/p>\n\n\n\n<figure><iframe width=\"1\" height=\"1\"><\/iframe><\/figure>\n\n\n\n<p>\u201cUno\nde nuestros objetivos es ubicarnos en los primeros lugares en todas las\ncompetencias en las que participemos. Hoy tenemos un gran abanico de jugadores,\nlo que le da la posibilidad a nuestros cuerpos t\u00e9cnicos de elegir a los\nelementos que necesiten&#8221;.\n\n<\/p>\n\n\n\n<p>Torrado resalt\u00f3 la importancia que tiene en este\norganigrama el director t\u00e9cnico del Tricolor mayor, el argentino Gerardo\nMartino, y como futbolista mundialista que fue \u201cBorrego\u201d, explic\u00f3 el orgullo de\nsiempre representar a M\u00e9xico.<\/p>\n\n\n\n<p>\u201cLa\nrelevancia de Gerardo Martino en esta estructura es muy grande, nos aporta\nmucho. Para m\u00ed vestir la camiseta de la selecci\u00f3n siempre fue un orgullo. Los\njugadores que vienen es porque tienen ganas de seguir trascendiendo y por\ncompromiso con su pa\u00eds&#8221;.<\/p>\n\n\n\n<p>Beatriz\nRamos, directora de Comunicaci\u00f3n e Imagen de la Federaci\u00f3n Mexicana de Futbol,\ndio a conocer en conferencia de prensa que, adem\u00e1s de Gerardo Torrado, el\nDirector Deportivo de Selecciones Nacionales es Ignacio Hierro.<\/p>\n\n\n\n<p>Mientras que\nRa\u00fal M\u00e9ndez es el Director Operativo de Selecciones Nacionales; Javier\nAlejandro Mier fue nombrado como Coordinador de Selecciones Menores; Jorge\nTello es el Coordinador de Visorias y Mart\u00ed Matabosch es el Coordinador de\nCiencias del Deporte.<\/p>\n\n\n\n<p>Ignacio Hierro de inmediato mand\u00f3 un\nmensaje a cada uno de los clubes de la Liga MX, con los que se tiene que\ntrabajar de la mano para el bien de las representaciones nacionales.<\/p>\n\n\n\n<p>\u201cLos jugadores de Selecci\u00f3n Nacional\ntambi\u00e9n forman parte de un club. Nuestra intenci\u00f3n es trabajar en conjunto con\nellos para consolidar el desarrollo de los jugadores&#8221;, dijo el exdefensor.<\/p>\n\n\n\n<p>Esta nueva estructura de Direcci\u00f3n\nGeneral Deportiva se anuncia con miras a una participaci\u00f3n hist\u00f3rica en cada\nuna de las competiciones, pero sobre todo para la Copa del Mundo Qatar 2022.<\/p>\n","protected":false},"excerpt":{"rendered":"<p>La Federaci\u00f3n Mexicana de Futbol anunci\u00f3 este mi\u00e9rcoles la nueva estructura de su Direcci\u00f3n General Deportiva, donde el exjugador Gerardo Torrado fue designado como titular. Tras su nombramiento, Torrado subray\u00f3: \u201cQueremos brindarle todas las herramientas a nuestros jugadores j\u00f3venes para que sigan con su desarrollo&#8221;, y dio a conocer el principal objetivo para cada una [&hellip;]<\/p>\n","protected":false},"author":1,"featured_media":8345,"comment_status":"open","ping_status":"open","sticky":true,"template":"","format":"standard","meta":{"footnotes":""},"categories":[8],"tags":[],"_links":{"self":[{"href":"https:\/\/diariodigitalmx.com\/index.php\/wp-json\/wp\/v2\/posts\/8343"}],"collection":[{"href":"https:\/\/diariodigitalmx.com\/index.php\/wp-json\/wp\/v2\/posts"}],"about":[{"href":"https:\/\/diariodigitalmx.com\/index.php\/wp-json\/wp\/v2\/types\/post"}],"author":[{"embeddable":true,"href":"https:\/\/diariodigitalmx.com\/index.php\/wp-json\/wp\/v2\/users\/1"}],"replies":[{"embeddable":true,"href":"https:\/\/diariodigitalmx.com\/index.php\/wp-json\/wp\/v2\/comments?post=8343"}],"version-history":[{"count":1,"href":"https:\/\/diariodigitalmx.com\/index.php\/wp-json\/wp\/v2\/posts\/8343\/revisions"}],"predecessor-version":[{"id":8344,"href":"https:\/\/diariodigitalmx.com\/index.php\/wp-json\/wp\/v2\/posts\/8343\/revisions\/8344"}],"wp:featuredmedia":[{"embeddable":true,"href":"https:\/\/diariodigitalmx.com\/index.php\/wp-json\/wp\/v2\/media\/8345"}],"wp:attachment":[{"href":"https:\/\/diariodigitalmx.com\/index.php\/wp-json\/wp\/v2\/media?parent=8343"}],"wp:term":[{"taxonomy":"category","embeddable":true,"href":"https:\/\/diariodigitalmx.com\/index.php\/wp-json\/wp\/v2\/categories?post=8343"},{"taxonomy":"post_tag","embeddable":true,"href":"https:\/\/diariodigitalmx.com\/index.php\/wp-json\/wp\/v2\/tags?post=8343"}],"curies":[{"name":"wp","href":"https:\/\/api.w.org\/{rel}","templated":true}]}}