{"id":8351,"date":"2019-07-17T17:27:37","date_gmt":"2019-07-17T22:27:37","guid":{"rendered":"http:\/\/diariodigitalmx.com\/?p=8351"},"modified":"2019-07-17T17:28:10","modified_gmt":"2019-07-17T22:28:10","slug":"fusion-de-esfuerzos-beneficia-a-miles-de-corredores","status":"publish","type":"post","link":"https:\/\/diariodigitalmx.com\/index.php\/2019\/07\/17\/fusion-de-esfuerzos-beneficia-a-miles-de-corredores\/","title":{"rendered":"Fusi\u00f3n de esfuerzos beneficia a miles de corredores"},"content":{"rendered":"\n<p><strong>Firman Municipio regio&nbsp; con el Marat\u00f3n Monterrey &nbsp;convenio de colaboraci\u00f3n para el uso de la v\u00eda\ndeportiva como centro de entrenamiento durante&nbsp;\n5 meses previos al magno evento atl\u00e9tico.<\/strong><\/p>\n\n\n\n<p>Por: Ra\u00fal Emigdio Guevara Ortiz.- Miles de corredores&nbsp; que participar\u00e1n en la 38\u00b0 edici\u00f3n del\nMarat\u00f3n Monterrey dispondr\u00e1n una vez al mes a partir de este domingo 21 julio,\nla v\u00eda deportiva de 16 kil\u00f3metros trazada sobre el circuito de los carriles\nexpr\u00e9s de las avenidas Constituci\u00f3n y Morones Prieto Revoluci\u00f3n y Gonzalitos\ncomo su centro de entrenamiento para la magna competencia a desarrollarse en el\nmes de diciembre del presente a\u00f1o.<\/p>\n\n\n\n<p>As\u00ed lo confirmaron este mi\u00e9rcoles mediante la firma el convenio de colaboraci\u00f3n\ncelebrado entre el Alcalde de la ciudad de Monterrey&nbsp; Adri\u00e1n De la Garza Santos y Heriberto\nGonz\u00e1lez, Presidente de la Asociaci\u00f3n de Clubes de Corredores del Estado\nde&nbsp; Nuevo Le\u00f3n donde se estipula que los\ndeportistas podr\u00e1n hacer uso de esta v\u00eda deportiva durante un domingo de cada\nmes a partir del mes de julio hasta el mes de noviembre como pr\u00e1ctica al\nMarat\u00f3n Monterrey&nbsp; Powerade 2019 a\ncelebrarse el pr\u00f3ximo 8 de diciembre.<\/p>\n\n\n\n<p>\u201cEsta es una iniciativa conjunta en beneficio de toda la comunidad donde\ntenemos la oportunidad de convivir diferentes disciplinas: corredores,\nciclistas, patinadores, caminadores, este domingo arrancamos el programa formal\nde 20 semanas, donde vamos a tener una sesi\u00f3n mensual apoyadas con diferentes\ntemas al igual que lo tenemos en el Marat\u00f3n con servicio de hidrataci\u00f3n,\nservicio sanitario y con temas de convivencia adicional, es algo que esperamos\nque los corredores sean de un club o no, as\u00ed como la comunidad en general\nvengan participen y aprovechen esta gran oportunidad que nos est\u00e1 dando la\nciudad\u201d, coment\u00f3 Heriberto Gonz\u00e1lez, presidente de la ACCENL.<\/p>\n\n\n\n<p>Por su parte Adri\u00e1n De la Garza, alcalde de la ciudad de Monterrey\nmanifest\u00f3 que \u201ceste convenio es muy importante para la ciudad ya que permite &nbsp;que la V\u00eda Deportiva en sus 16 kil\u00f3metros sirva\npara que la comunidad corredora y la poblaci\u00f3n en general practique y se\nprepare en forma adecuada f\u00edsica y mentalmente&nbsp;\npara el Marat\u00f3n Monterrey\u201d.<\/p>\n\n\n\n<p>Durante la reuni\u00f3n estuvo presente tambi\u00e9n como testigo de honor, Luciano\nRam\u00edrez Gallardo, presidente de la Asociaci\u00f3n de Atletismo de Nuevo Le\u00f3n, A.C.,\nquien celebr\u00f3 \u00f1a realizaci\u00f3n de este tipo de convenidos donde el Municipio de\nMonterrey abre las puertas&nbsp; de sus\nespacios&nbsp; deportivos para que miles de\ncorredores que participar\u00e1n no solo en el Marat\u00f3n Monterrey, sino en todas las\ncarreras que domingo a domingo&nbsp; se\nrealizan en el \u00e1rea metropolitana entrenen.<\/p>\n\n\n\n<p>\u201cNo es lo mismo entrenar en un circuito trazado en una pista atl\u00e9tica, en\nla calle o en instalaciones como el Parque Fundidora que te limitan a una\ndeterminada distancia, a realizarlo dentro de un circuito m\u00e1s amplio que te\npermite ver tu capacidad real ya que el corredor ya no se limita a dar vueltas\ny vueltas, sino que en una distancia mayor como son los 8 kil\u00f3metros de ida y 8\nde regreso que tiene la V\u00eda Deportiva se dar\u00e1 cuenta de su verdadero nivel\u201d,\nexpres\u00f3 el Presidente de la Asociaci\u00f3n de Atletismo de Nuevo Le\u00f3n.<\/p>\n\n\n\n<figure class=\"wp-block-image\"><img loading=\"lazy\" decoding=\"async\" width=\"1024\" height=\"683\" src=\"http:\/\/diariodigitalmx.com\/wp-content\/uploads\/2019\/07\/IMG_0011-1024x683.jpg\" alt=\"\" class=\"wp-image-8355\" srcset=\"https:\/\/diariodigitalmx.com\/wp-content\/uploads\/2019\/07\/IMG_0011-1024x683.jpg 1024w, https:\/\/diariodigitalmx.com\/wp-content\/uploads\/2019\/07\/IMG_0011-300x200.jpg 300w, https:\/\/diariodigitalmx.com\/wp-content\/uploads\/2019\/07\/IMG_0011-768x512.jpg 768w\" sizes=\"(max-width: 1024px) 100vw, 1024px\" \/><\/figure>\n","protected":false},"excerpt":{"rendered":"<p>Firman Municipio regio&nbsp; con el Marat\u00f3n Monterrey &nbsp;convenio de colaboraci\u00f3n para el uso de la v\u00eda deportiva como centro de entrenamiento durante&nbsp; 5 meses previos al magno evento atl\u00e9tico. Por: Ra\u00fal Emigdio Guevara Ortiz.- Miles de corredores&nbsp; que participar\u00e1n en la 38\u00b0 edici\u00f3n del Marat\u00f3n Monterrey dispondr\u00e1n una vez al mes a partir de este [&hellip;]<\/p>\n","protected":false},"author":1,"featured_media":8353,"comment_status":"open","ping_status":"open","sticky":true,"template":"","format":"standard","meta":{"footnotes":""},"categories":[8],"tags":[],"_links":{"self":[{"href":"https:\/\/diariodigitalmx.com\/index.php\/wp-json\/wp\/v2\/posts\/8351"}],"collection":[{"href":"https:\/\/diariodigitalmx.com\/index.php\/wp-json\/wp\/v2\/posts"}],"about":[{"href":"https:\/\/diariodigitalmx.com\/index.php\/wp-json\/wp\/v2\/types\/post"}],"author":[{"embeddable":true,"href":"https:\/\/diariodigitalmx.com\/index.php\/wp-json\/wp\/v2\/users\/1"}],"replies":[{"embeddable":true,"href":"https:\/\/diariodigitalmx.com\/index.php\/wp-json\/wp\/v2\/comments?post=8351"}],"version-history":[{"count":2,"href":"https:\/\/diariodigitalmx.com\/index.php\/wp-json\/wp\/v2\/posts\/8351\/revisions"}],"predecessor-version":[{"id":8356,"href":"https:\/\/diariodigitalmx.com\/index.php\/wp-json\/wp\/v2\/posts\/8351\/revisions\/8356"}],"wp:featuredmedia":[{"embeddable":true,"href":"https:\/\/diariodigitalmx.com\/index.php\/wp-json\/wp\/v2\/media\/8353"}],"wp:attachment":[{"href":"https:\/\/diariodigitalmx.com\/index.php\/wp-json\/wp\/v2\/media?parent=8351"}],"wp:term":[{"taxonomy":"category","embeddable":true,"href":"https:\/\/diariodigitalmx.com\/index.php\/wp-json\/wp\/v2\/categories?post=8351"},{"taxonomy":"post_tag","embeddable":true,"href":"https:\/\/diariodigitalmx.com\/index.php\/wp-json\/wp\/v2\/tags?post=8351"}],"curies":[{"name":"wp","href":"https:\/\/api.w.org\/{rel}","templated":true}]}}