{"id":836,"date":"2019-03-05T12:23:04","date_gmt":"2019-03-05T18:23:04","guid":{"rendered":"http:\/\/diariodigitalmx.com\/?p=836"},"modified":"2019-03-05T12:23:05","modified_gmt":"2019-03-05T18:23:05","slug":"yukaima-se-convierte-en-la-primera-reina-de-belleza-wixarika","status":"publish","type":"post","link":"https:\/\/diariodigitalmx.com\/index.php\/2019\/03\/05\/yukaima-se-convierte-en-la-primera-reina-de-belleza-wixarika\/","title":{"rendered":"Yukaima se convierte en la primera reina de belleza wix\u00e1rika"},"content":{"rendered":"\n<p>Yukaima Gonz\u00e1lez, una joven de la etnia wix\u00e1rika del municipio mexicano de La Yesca, se alz\u00f3 con la corona en el certamen de belleza en la Feria Nayarit 2019, un t\u00edtulo especial porque se otorg\u00f3 a una mujer ind\u00edgena.<br><br>&#8220;Estoy convencida de que se vale so\u00f1ar y que no importa los estereotipos, todos somos valiosos&#8221;, escribi\u00f3 en Facebook junto con un video de su coronaci\u00f3n como reina de la Feria Nayarit 2019.<br><br>Gonz\u00e1lez, de 18 a\u00f1os, fue tambi\u00e9n ganadora de la categor\u00eda de traje t\u00edpico, uno de los m\u00e1s aplaudidos de la noche del domingo.<br><br>Este fue uno de los que sin duda brill\u00f3 m\u00e1s en todo el concurso celebrado en Nayarit, estado del oeste de M\u00e9xico ba\u00f1ado por las aguas del Pac\u00edfico y con una gran poblaci\u00f3n ind\u00edgena.<br><br>El atuendo que eligi\u00f3 para participar en esta categor\u00eda fue muy sorprendente porque se confeccion\u00f3 con peque\u00f1as bolas de pl\u00e1stico de muchos colores -conocidas como chaquiras- e hilos.<br><br>Seg\u00fan explic\u00f3, representaba a los &#8220;ojos de Dios&#8221; en la cultura wix\u00e1rika.<br><br>Interrogada por el jurado sobre los obst\u00e1culos que enfrenta las mujeres en la sociedad actual, se\u00f1al\u00f3: &#8220;Muchas personas me dijeron que yo no pod\u00eda participar en un certamen de belleza y m\u00edrenme; hoy estoy aqu\u00ed parada y feliz luchando feliz por uno de mis sue\u00f1os&#8221;.<br><br>&#8220;Considerando que las mujeres podemos ser vistas de la misma manera para que haya una mejor sociedad&#8221;, a\u00f1adi\u00f3, seg\u00fan recogen medios locales.<br><br>Su victoria ha tenido impacto en medios de comunicaci\u00f3n. E incluso en d\u00edas recientes, antes del certamen, diarios generalistas como El Universal hablaban del &#8220;efecto Yalitza&#8221; y se\u00f1alaba que varias j\u00f3venes ind\u00edgenas se hab\u00edan inscrito a la Feria Nayarit 2019, siendo la primera ocasi\u00f3n en que mujeres de pueblos originarios se inscrib\u00edan al certamen.<br><br>&#8220;Algo transform\u00f3 Alfonso Cuar\u00f3n (director de la pel\u00edcula &#8220;Roma&#8221;) y no hay vuelta atr\u00e1s. Por primera ocasi\u00f3n se inscriben dos mujeres ind\u00edgenas en el concurso para ser la Reina de la Feria Nayarit 2019&#8243;, celebr\u00f3 la diputada por Nayarit, Julieta Mej\u00eda, en Twitter.<br><br>La corona se disputaba entre 15 j\u00f3venes mayores de edad.<br><br>Procedente de Guadalupe Ocot\u00e1n, en el municipio de La Yesca, Yukaima Gonz\u00e1lez cursa la licenciatura de Cultura F\u00edsica y del Deporte.<br><br>Una joven de la etnia nayeri, Diana, era la otra concursante ind\u00edgena del certamen.<br><br>Yalitza Aparicio, nominada al \u00d3scar por &#8220;Roma&#8221; -cinta que se llev\u00f3 tres galardones- ha revolucionado los estereotipos en los \u00faltimos meses y protagonizado portadas de importantes revistas como \u00a1HOLA! y Vogue.<\/p>\n","protected":false},"excerpt":{"rendered":"<p>Yukaima Gonz\u00e1lez, una joven de la etnia wix\u00e1rika del municipio mexicano de La Yesca, se alz\u00f3 con la corona en el certamen de belleza en la Feria Nayarit 2019, un t\u00edtulo especial porque se otorg\u00f3 a una mujer ind\u00edgena. &#8220;Estoy convencida de que se vale so\u00f1ar y que no importa los estereotipos, todos somos valiosos&#8221;, [&hellip;]<\/p>\n","protected":false},"author":1,"featured_media":837,"comment_status":"open","ping_status":"open","sticky":true,"template":"","format":"standard","meta":{"footnotes":""},"categories":[2],"tags":[],"_links":{"self":[{"href":"https:\/\/diariodigitalmx.com\/index.php\/wp-json\/wp\/v2\/posts\/836"}],"collection":[{"href":"https:\/\/diariodigitalmx.com\/index.php\/wp-json\/wp\/v2\/posts"}],"about":[{"href":"https:\/\/diariodigitalmx.com\/index.php\/wp-json\/wp\/v2\/types\/post"}],"author":[{"embeddable":true,"href":"https:\/\/diariodigitalmx.com\/index.php\/wp-json\/wp\/v2\/users\/1"}],"replies":[{"embeddable":true,"href":"https:\/\/diariodigitalmx.com\/index.php\/wp-json\/wp\/v2\/comments?post=836"}],"version-history":[{"count":1,"href":"https:\/\/diariodigitalmx.com\/index.php\/wp-json\/wp\/v2\/posts\/836\/revisions"}],"predecessor-version":[{"id":838,"href":"https:\/\/diariodigitalmx.com\/index.php\/wp-json\/wp\/v2\/posts\/836\/revisions\/838"}],"wp:featuredmedia":[{"embeddable":true,"href":"https:\/\/diariodigitalmx.com\/index.php\/wp-json\/wp\/v2\/media\/837"}],"wp:attachment":[{"href":"https:\/\/diariodigitalmx.com\/index.php\/wp-json\/wp\/v2\/media?parent=836"}],"wp:term":[{"taxonomy":"category","embeddable":true,"href":"https:\/\/diariodigitalmx.com\/index.php\/wp-json\/wp\/v2\/categories?post=836"},{"taxonomy":"post_tag","embeddable":true,"href":"https:\/\/diariodigitalmx.com\/index.php\/wp-json\/wp\/v2\/tags?post=836"}],"curies":[{"name":"wp","href":"https:\/\/api.w.org\/{rel}","templated":true}]}}