{"id":8404,"date":"2019-07-19T14:29:04","date_gmt":"2019-07-19T19:29:04","guid":{"rendered":"http:\/\/diariodigitalmx.com\/?p=8404"},"modified":"2019-07-19T14:29:51","modified_gmt":"2019-07-19T19:29:51","slug":"increpan-a-alito-las-promesas-del-casi-lider-priista-nacional","status":"publish","type":"post","link":"https:\/\/diariodigitalmx.com\/index.php\/2019\/07\/19\/increpan-a-alito-las-promesas-del-casi-lider-priista-nacional\/","title":{"rendered":"Increpan a &#8220;Alito&#8221;; las promesas del casi l\u00edder priista nacional"},"content":{"rendered":"\n<p>Monterrey, N. L- &nbsp;&#8220;Alito&#8221; propuso un partido que escuche &nbsp;que critique, sin embargo, no escuch\u00f3 a la &nbsp;militancia e ignor\u00f3 a un dirigente que le pidi\u00f3: &#8220;Ahora escuchenos a nosotros&#8221;.<br><\/p>\n\n\n\n<p>Alejandro Moreno candidato a dirigir el PRI nacional estuvo en Monterrey, habl\u00f3 de lo que quiere para su partido, repiti\u00f3 su discurso y reitero los errores del tricolor.<br><\/p>\n\n\n\n<p>Apenas concluy\u00f3 el mensaje, Mario Rodr\u00edguez Platas, un dirigente de la comunidad L\u00e9sbico-Gay afiliado al PRI le solicit\u00f3: &#8220;, vienes a pedir el voto, ya te escuchamos aqu\u00ed, conocemos tu proyecto, ahora escuchenas a nosotros, te lo pido con respeto, no te vayas&#8221;, le dijo.<br><\/p>\n\n\n\n<p> &#8220;Los priistas tenemos que convocar siempre a la unidad, hemos escuchado dos participaciones, con mucho gusto los escucho y con mucho gusto te escucho a t\u00ed, lo que hemos privilegiado en esta campa\u00f1a es escuchar a la gente&#8221;, contest\u00f3 y se fue a saludar a la gente.<\/p>\n\n\n\n<p><br><\/p>\n\n\n\n<figure class=\"wp-block-image\"><img loading=\"lazy\" decoding=\"async\" width=\"1024\" height=\"573\" src=\"http:\/\/diariodigitalmx.com\/wp-content\/uploads\/2019\/07\/Screenshot_20190719-1405583-1024x573.png\" alt=\"\" class=\"wp-image-8407\" srcset=\"https:\/\/diariodigitalmx.com\/wp-content\/uploads\/2019\/07\/Screenshot_20190719-1405583-1024x573.png 1024w, https:\/\/diariodigitalmx.com\/wp-content\/uploads\/2019\/07\/Screenshot_20190719-1405583-300x168.png 300w, https:\/\/diariodigitalmx.com\/wp-content\/uploads\/2019\/07\/Screenshot_20190719-1405583-768x430.png 768w, https:\/\/diariodigitalmx.com\/wp-content\/uploads\/2019\/07\/Screenshot_20190719-1405583.png 1080w\" sizes=\"(max-width: 1024px) 100vw, 1024px\" \/><\/figure>\n\n\n\n<p>Conocido por defender sus derechos partidistas y de su comunidad, Rodr\u00edguez Platas hizo un nuevo intento por hablar con Alito, pero el dirigente estatal Pedro Pablo Trevi\u00f1o le ataj\u00f3 pr\u00e1cticamente le presion\u00f3 para que ya no insistiera.<br><\/p>\n\n\n\n<p>Observador de los hechos, C\u00e9sar Lucio Coronado, historiador, analista y ex diputado coment\u00f3 a un ex dirigente estatal del PRI:&#8221;Estuvo bien lo que dijo Mario, pero fue impositivo (Moreno) .<br><\/p>\n\n\n\n<p>Rodr\u00edguez Platas coment\u00f3 brevemente &#8221; No van a escuchar a nadie, ese es el PRI del futuro as\u00ed va a hacer, ni van a escuchar a nadie&#8221;<br><\/p>\n\n\n\n<p>En su reuni\u00f3n con dirigente priistas el candidato fue arropado por la CTM, por su dirigente Ismael Flores a quien llam\u00f3 &#8220;casi ni hermano, un poco mayor que yo, hemos trabajado juntos&#8221;.<br><\/p>\n\n\n\n<p>En su mensaje Moreno critic\u00f3 la &#8220;arrogancia&#8221; del PRI, que haya solapado &#8220;corrupci\u00f3n&#8221; en administraciones gubernamentales y que permiti\u00f3 abrir la puerta al triunfo de la oposici\u00f3n.<br><\/p>\n\n\n\n<p>&#8220;M\u00e9xico cambi\u00f3 y el PRI no cambi\u00f3, y es muy claro el diagn\u00f3stico, nos alejamos de la militancia, dejamos de escuchar a la militancia, solapamos los actos de corrupci\u00f3n, la arrogancia y la soberbia de las oficinas gubernamentales que no atend\u00edan a la gente y le regalamos las causas sociales nuestras a la oposici\u00f3n&#8221;.<br><\/p>\n\n\n\n<p>&#8220;Quien crea o piense que tocando las puertas de mi oficina en el Comit\u00e9 Ejecutivo Nacional cuando ganemos, va a obtener una candidatura o una dirigencia se equivoca&#8221;.<br><\/p>\n\n\n\n<p>&#8220;Las candidaturas y las dirigencias se van a ganar caminando en la calle, tocando la puerta&#8221;, mencion\u00f3 ante unas 300 personas en un sal\u00f3n del PRI de Nuevo Le\u00f3n.<\/p>\n\n\n\n<p><\/p>\n","protected":false},"excerpt":{"rendered":"<p>Monterrey, N. L- &nbsp;&#8220;Alito&#8221; propuso un partido que escuche &nbsp;que critique, sin embargo, no escuch\u00f3 a la &nbsp;militancia e ignor\u00f3 a un dirigente que le pidi\u00f3: &#8220;Ahora escuchenos a nosotros&#8221;. Alejandro Moreno candidato a dirigir el PRI nacional estuvo en Monterrey, habl\u00f3 de lo que quiere para su partido, repiti\u00f3 su discurso y reitero los [&hellip;]<\/p>\n","protected":false},"author":1,"featured_media":8406,"comment_status":"open","ping_status":"open","sticky":true,"template":"","format":"standard","meta":{"footnotes":""},"categories":[6],"tags":[],"_links":{"self":[{"href":"https:\/\/diariodigitalmx.com\/index.php\/wp-json\/wp\/v2\/posts\/8404"}],"collection":[{"href":"https:\/\/diariodigitalmx.com\/index.php\/wp-json\/wp\/v2\/posts"}],"about":[{"href":"https:\/\/diariodigitalmx.com\/index.php\/wp-json\/wp\/v2\/types\/post"}],"author":[{"embeddable":true,"href":"https:\/\/diariodigitalmx.com\/index.php\/wp-json\/wp\/v2\/users\/1"}],"replies":[{"embeddable":true,"href":"https:\/\/diariodigitalmx.com\/index.php\/wp-json\/wp\/v2\/comments?post=8404"}],"version-history":[{"count":2,"href":"https:\/\/diariodigitalmx.com\/index.php\/wp-json\/wp\/v2\/posts\/8404\/revisions"}],"predecessor-version":[{"id":8408,"href":"https:\/\/diariodigitalmx.com\/index.php\/wp-json\/wp\/v2\/posts\/8404\/revisions\/8408"}],"wp:featuredmedia":[{"embeddable":true,"href":"https:\/\/diariodigitalmx.com\/index.php\/wp-json\/wp\/v2\/media\/8406"}],"wp:attachment":[{"href":"https:\/\/diariodigitalmx.com\/index.php\/wp-json\/wp\/v2\/media?parent=8404"}],"wp:term":[{"taxonomy":"category","embeddable":true,"href":"https:\/\/diariodigitalmx.com\/index.php\/wp-json\/wp\/v2\/categories?post=8404"},{"taxonomy":"post_tag","embeddable":true,"href":"https:\/\/diariodigitalmx.com\/index.php\/wp-json\/wp\/v2\/tags?post=8404"}],"curies":[{"name":"wp","href":"https:\/\/api.w.org\/{rel}","templated":true}]}}