{"id":8410,"date":"2019-07-19T14:38:17","date_gmt":"2019-07-19T19:38:17","guid":{"rendered":"http:\/\/diariodigitalmx.com\/?p=8410"},"modified":"2019-07-19T14:38:18","modified_gmt":"2019-07-19T19:38:18","slug":"ouch-auch","status":"publish","type":"post","link":"https:\/\/diariodigitalmx.com\/index.php\/2019\/07\/19\/ouch-auch\/","title":{"rendered":"\u00a1Ouch!\u2026 \u00a1Auch!"},"content":{"rendered":"\n<p><br> Por Salvador Hern\u00e1ndez LANDEROS<br> \u00a1Ouch!\u2026 \u00a1Jes\u00fas de Veracruz!\u2026 \u00a1Cristo Rey de Monterrey!\u2026 \u00a1Auch!\u2026 \u00a1Fue <br> Horrible, fue horrible! Conste, hay que aclarar que no son expresiones propias. <br> Son de algunos polic\u00edas ministeriales que andan enchilados e indignados por <br> un reportaje que circula en redes sociales. Ya lo vimos y dura casi 17 minutos.<br> En lo personal, nuestra opini\u00f3n concuerda con la de los ministeriales. En <br> cierta forma, distorsiona la masculinidad de un agente investigador.<br> Durante varios lustros hemos observado y vigilado la imagen de los polic\u00edas <br> investigadores y preventivos. La AEI no merece eso.<br> El reportaje en cuesti\u00f3n, dista mucho de la figura de anta\u00f1o de un agente del <br> Servicio Secreto o, bien, de la otrora temida Polic\u00eda Judicial.<br> Los agentes ministeriales sienten vulnerada la imagen de hombr\u00eda que se tiene <br> de la corporaci\u00f3n. Les decepciona que se ventilen formas de investigaci\u00f3n.<br> Ese reportaje fue realizado por la firma RADA y conducido por un personaje <br> televisivo identificado como Andr\u00e9s Marcelo. <br> Para realizarlo solo dos \u201cjefes\u201d lo pudieron ordenar. Esteban Cant\u00fa, director <br> de la AEI, o bien, Gustavo Adolfo Guerrero, Fiscal General del Estado.<br> Pero todo indica que hubo alguien del \u00e1rea administrativa que quiso beneficiar <br> a Andr\u00e9s Marcelo con la realizaci\u00f3n del video. Es decir, un simple negocio.<br> Aqu\u00ed, en www.scriptamty.com les adjuntamos y compartimos el video para <br> que lo analicen y, de ser posible, nos compartan su sincera opini\u00f3n.<br> Que sirva pues, para el desahogo de los ministeriales que, en verdad, son bien <br> \u201cmachines\u201d.<br> chavalolanderos@yahoo.com.mx<\/p>\n","protected":false},"excerpt":{"rendered":"<p>Por Salvador Hern\u00e1ndez LANDEROS \u00a1Ouch!\u2026 \u00a1Jes\u00fas de Veracruz!\u2026 \u00a1Cristo Rey de Monterrey!\u2026 \u00a1Auch!\u2026 \u00a1Fue Horrible, fue horrible! Conste, hay que aclarar que no son expresiones propias. Son de algunos polic\u00edas ministeriales que andan enchilados e indignados por un reportaje que circula en redes sociales. Ya lo vimos y dura casi 17 minutos. En lo personal, [&hellip;]<\/p>\n","protected":false},"author":1,"featured_media":8412,"comment_status":"open","ping_status":"open","sticky":true,"template":"","format":"standard","meta":{"footnotes":""},"categories":[12],"tags":[],"_links":{"self":[{"href":"https:\/\/diariodigitalmx.com\/index.php\/wp-json\/wp\/v2\/posts\/8410"}],"collection":[{"href":"https:\/\/diariodigitalmx.com\/index.php\/wp-json\/wp\/v2\/posts"}],"about":[{"href":"https:\/\/diariodigitalmx.com\/index.php\/wp-json\/wp\/v2\/types\/post"}],"author":[{"embeddable":true,"href":"https:\/\/diariodigitalmx.com\/index.php\/wp-json\/wp\/v2\/users\/1"}],"replies":[{"embeddable":true,"href":"https:\/\/diariodigitalmx.com\/index.php\/wp-json\/wp\/v2\/comments?post=8410"}],"version-history":[{"count":1,"href":"https:\/\/diariodigitalmx.com\/index.php\/wp-json\/wp\/v2\/posts\/8410\/revisions"}],"predecessor-version":[{"id":8411,"href":"https:\/\/diariodigitalmx.com\/index.php\/wp-json\/wp\/v2\/posts\/8410\/revisions\/8411"}],"wp:featuredmedia":[{"embeddable":true,"href":"https:\/\/diariodigitalmx.com\/index.php\/wp-json\/wp\/v2\/media\/8412"}],"wp:attachment":[{"href":"https:\/\/diariodigitalmx.com\/index.php\/wp-json\/wp\/v2\/media?parent=8410"}],"wp:term":[{"taxonomy":"category","embeddable":true,"href":"https:\/\/diariodigitalmx.com\/index.php\/wp-json\/wp\/v2\/categories?post=8410"},{"taxonomy":"post_tag","embeddable":true,"href":"https:\/\/diariodigitalmx.com\/index.php\/wp-json\/wp\/v2\/tags?post=8410"}],"curies":[{"name":"wp","href":"https:\/\/api.w.org\/{rel}","templated":true}]}}