{"id":8413,"date":"2019-07-19T15:32:50","date_gmt":"2019-07-19T20:32:50","guid":{"rendered":"http:\/\/diariodigitalmx.com\/?p=8413"},"modified":"2019-07-19T15:34:29","modified_gmt":"2019-07-19T20:34:29","slug":"el-jefe-diego","status":"publish","type":"post","link":"https:\/\/diariodigitalmx.com\/index.php\/2019\/07\/19\/el-jefe-diego\/","title":{"rendered":"El &#8220;Jefe Diego&#8221;, seguridad total en el arco del Flash"},"content":{"rendered":"\n<p><strong>-Reynoso estampa su r\u00fabrica para continuar defendiendo los colores del equipo profesional regio en la temporada 2019-2020 de &nbsp;la Major Arena Soccer League.<\/strong><br><\/p>\n\n\n\n<p>Por: Ra\u00fal Emigdio Guevara Ortiz.- La Directiva del Monterrey Flash anunci\u00f3 este d\u00eda la firma de Diego Reynoso &nbsp;Reyna como su guardi\u00e1n del arco para la temporada 2019-2020 de la MASL que iniciar\u00e1 en el mes de noviembre del presente a\u00f1o.<br><\/p>\n\n\n\n<p>Reynoso &nbsp;de 30 a\u00f1os nacido en el Distrito Federal y quien desde la temporada 2013-2019 &nbsp;milita en el equipo profesional regio a nivel internacional es uno de los porteros m\u00e1s seguros de toda la MASL, donde en la temporada 2014-2015 obtuvo adem\u00e1s del campeonato con su equipo, el nombramiento como Portero Novato.<\/p>\n\n\n\n<p><br><\/p>\n\n\n\n<figure class=\"wp-block-image\"><img loading=\"lazy\" decoding=\"async\" width=\"800\" height=\"800\" src=\"http:\/\/diariodigitalmx.com\/wp-content\/uploads\/2019\/07\/diego-reynoso-1.jpg\" alt=\"\" class=\"wp-image-8416\" srcset=\"https:\/\/diariodigitalmx.com\/wp-content\/uploads\/2019\/07\/diego-reynoso-1.jpg 800w, https:\/\/diariodigitalmx.com\/wp-content\/uploads\/2019\/07\/diego-reynoso-1-150x150.jpg 150w, https:\/\/diariodigitalmx.com\/wp-content\/uploads\/2019\/07\/diego-reynoso-1-300x300.jpg 300w, https:\/\/diariodigitalmx.com\/wp-content\/uploads\/2019\/07\/diego-reynoso-1-768x768.jpg 768w\" sizes=\"(max-width: 800px) 100vw, 800px\" \/><\/figure>\n\n\n\n<p>Luego del receso por dos temporadas del Flash en el m\u00e1ximo circuito trinacional de f\u00fatbol r\u00e1pido profesional, Diego Reynoso port\u00f3 &nbsp;durante ese lapso la playera de los Soles de  Sonora, regresando en el 2017 nuevamente a convertirse en el Guardi\u00e1n del Arco Norte\u00f1o.<br><\/p>\n\n\n\n<p>\u201cTenemos comprobada la capacidad de Diego Reynoso en el arco del Flash, por lo que nuevamente le otorgamos nuestra confianza para que siga defendi\u00e9ndolo &nbsp;con esa seguridad y liderazgo que siempre le ha demostrado a nuestra afici\u00f3n\u201d, expres\u00f3 Gerardo Guerra Lozano, presidente del Monterrey Flash.<\/p>\n\n\n\n<figure class=\"wp-block-image\"><img loading=\"lazy\" decoding=\"async\" width=\"1024\" height=\"683\" src=\"http:\/\/diariodigitalmx.com\/wp-content\/uploads\/2019\/07\/IMG_0080-1024x683.jpg\" alt=\"\" class=\"wp-image-8418\" srcset=\"https:\/\/diariodigitalmx.com\/wp-content\/uploads\/2019\/07\/IMG_0080-1024x683.jpg 1024w, https:\/\/diariodigitalmx.com\/wp-content\/uploads\/2019\/07\/IMG_0080-300x200.jpg 300w, https:\/\/diariodigitalmx.com\/wp-content\/uploads\/2019\/07\/IMG_0080-768x512.jpg 768w\" sizes=\"(max-width: 1024px) 100vw, 1024px\" \/><\/figure>\n","protected":false},"excerpt":{"rendered":"<p>-Reynoso estampa su r\u00fabrica para continuar defendiendo los colores del equipo profesional regio en la temporada 2019-2020 de &nbsp;la Major Arena Soccer League. Por: Ra\u00fal Emigdio Guevara Ortiz.- La Directiva del Monterrey Flash anunci\u00f3 este d\u00eda la firma de Diego Reynoso &nbsp;Reyna como su guardi\u00e1n del arco para la temporada 2019-2020 de la MASL que [&hellip;]<\/p>\n","protected":false},"author":1,"featured_media":8415,"comment_status":"open","ping_status":"open","sticky":true,"template":"","format":"standard","meta":{"footnotes":""},"categories":[8],"tags":[],"_links":{"self":[{"href":"https:\/\/diariodigitalmx.com\/index.php\/wp-json\/wp\/v2\/posts\/8413"}],"collection":[{"href":"https:\/\/diariodigitalmx.com\/index.php\/wp-json\/wp\/v2\/posts"}],"about":[{"href":"https:\/\/diariodigitalmx.com\/index.php\/wp-json\/wp\/v2\/types\/post"}],"author":[{"embeddable":true,"href":"https:\/\/diariodigitalmx.com\/index.php\/wp-json\/wp\/v2\/users\/1"}],"replies":[{"embeddable":true,"href":"https:\/\/diariodigitalmx.com\/index.php\/wp-json\/wp\/v2\/comments?post=8413"}],"version-history":[{"count":4,"href":"https:\/\/diariodigitalmx.com\/index.php\/wp-json\/wp\/v2\/posts\/8413\/revisions"}],"predecessor-version":[{"id":8420,"href":"https:\/\/diariodigitalmx.com\/index.php\/wp-json\/wp\/v2\/posts\/8413\/revisions\/8420"}],"wp:featuredmedia":[{"embeddable":true,"href":"https:\/\/diariodigitalmx.com\/index.php\/wp-json\/wp\/v2\/media\/8415"}],"wp:attachment":[{"href":"https:\/\/diariodigitalmx.com\/index.php\/wp-json\/wp\/v2\/media?parent=8413"}],"wp:term":[{"taxonomy":"category","embeddable":true,"href":"https:\/\/diariodigitalmx.com\/index.php\/wp-json\/wp\/v2\/categories?post=8413"},{"taxonomy":"post_tag","embeddable":true,"href":"https:\/\/diariodigitalmx.com\/index.php\/wp-json\/wp\/v2\/tags?post=8413"}],"curies":[{"name":"wp","href":"https:\/\/api.w.org\/{rel}","templated":true}]}}