{"id":8424,"date":"2019-07-19T22:00:26","date_gmt":"2019-07-20T03:00:26","guid":{"rendered":"http:\/\/diariodigitalmx.com\/?p=8424"},"modified":"2019-07-19T22:00:27","modified_gmt":"2019-07-20T03:00:27","slug":"lista-la-nueva-empresa-de-internet-dice-el-presidente-lopez-obrador","status":"publish","type":"post","link":"https:\/\/diariodigitalmx.com\/index.php\/2019\/07\/19\/lista-la-nueva-empresa-de-internet-dice-el-presidente-lopez-obrador\/","title":{"rendered":"Lista la nueva empresa de internet, dice el presidente L\u00f3pez Obrador"},"content":{"rendered":"\n<p>El presidente Andr\u00e9s Manuel L\u00f3pez Obrador anunci\u00f3 que ya fue creada la nueva empresa p\u00fablica de telecomunicaciones para llevar internet a todo el pa\u00eds, la cual aprovechar\u00e1 la red de la Comisi\u00f3n Federal de Electricidad (CFE).<\/p>\n\n\n\n<p>&#8220;Ya se cre\u00f3 la nueva empresa para conectar con internet al pa\u00eds. Es una filial de la CFE.&nbsp;Se va a utilizar toda la infraestructura de la CFE, todas las l\u00edneas, se cuenta con l\u00edneas y fibra \u00f3ptica para comunicar con internet al pa\u00eds&#8221;, dijo el mandatario en su conferencia de prensa matutina.<\/p>\n\n\n\n<p>Explic\u00f3 que &#8220;ya se aprob\u00f3 por el Consejo de Administraci\u00f3n de la CFE y se est\u00e1 haciendo la solicitud de concesi\u00f3n para poder dar el servigcio sin fines de lucro a todos los que viven en las comunidades m\u00e1s apartadas del pa\u00eds&#8221;.<\/p>\n\n\n\n<p>El mandatario se\u00f1al\u00f3 que, adem\u00e1s, la red se utilizar\u00e1&nbsp;para el funcionamiento del Banco del Bienestar, mediante el cual se har\u00e1n llegar los programas sociales de manera directa a los beneficiarios.<\/p>\n\n\n\n<p>Detall\u00f3 que habr\u00e1 una sucursal en cada Centro Integrador de Servicios, que ser\u00e1n instalados en las comunidades mejor ubicadas y que abastecer\u00e1n a los poblados m\u00e1s peque\u00f1os.<\/p>\n\n\n\n<p>&#8220;En estos centros va a llegar el internet por las l\u00edneas de la CFE, habr\u00e1 una antena para comunicar al resto de las comunidades&#8221;, a\u00f1adi\u00f3 L\u00f3pez Obrador, sin mencionar a\u00fan el nombre de la nueva empresa ni la fecha en que ser\u00e1 presentada formalmente.<\/p>\n","protected":false},"excerpt":{"rendered":"<p>El presidente Andr\u00e9s Manuel L\u00f3pez Obrador anunci\u00f3 que ya fue creada la nueva empresa p\u00fablica de telecomunicaciones para llevar internet a todo el pa\u00eds, la cual aprovechar\u00e1 la red de la Comisi\u00f3n Federal de Electricidad (CFE). &#8220;Ya se cre\u00f3 la nueva empresa para conectar con internet al pa\u00eds. Es una filial de la CFE.&nbsp;Se va [&hellip;]<\/p>\n","protected":false},"author":1,"featured_media":8427,"comment_status":"open","ping_status":"open","sticky":true,"template":"","format":"standard","meta":{"footnotes":""},"categories":[2],"tags":[],"_links":{"self":[{"href":"https:\/\/diariodigitalmx.com\/index.php\/wp-json\/wp\/v2\/posts\/8424"}],"collection":[{"href":"https:\/\/diariodigitalmx.com\/index.php\/wp-json\/wp\/v2\/posts"}],"about":[{"href":"https:\/\/diariodigitalmx.com\/index.php\/wp-json\/wp\/v2\/types\/post"}],"author":[{"embeddable":true,"href":"https:\/\/diariodigitalmx.com\/index.php\/wp-json\/wp\/v2\/users\/1"}],"replies":[{"embeddable":true,"href":"https:\/\/diariodigitalmx.com\/index.php\/wp-json\/wp\/v2\/comments?post=8424"}],"version-history":[{"count":2,"href":"https:\/\/diariodigitalmx.com\/index.php\/wp-json\/wp\/v2\/posts\/8424\/revisions"}],"predecessor-version":[{"id":8426,"href":"https:\/\/diariodigitalmx.com\/index.php\/wp-json\/wp\/v2\/posts\/8424\/revisions\/8426"}],"wp:featuredmedia":[{"embeddable":true,"href":"https:\/\/diariodigitalmx.com\/index.php\/wp-json\/wp\/v2\/media\/8427"}],"wp:attachment":[{"href":"https:\/\/diariodigitalmx.com\/index.php\/wp-json\/wp\/v2\/media?parent=8424"}],"wp:term":[{"taxonomy":"category","embeddable":true,"href":"https:\/\/diariodigitalmx.com\/index.php\/wp-json\/wp\/v2\/categories?post=8424"},{"taxonomy":"post_tag","embeddable":true,"href":"https:\/\/diariodigitalmx.com\/index.php\/wp-json\/wp\/v2\/tags?post=8424"}],"curies":[{"name":"wp","href":"https:\/\/api.w.org\/{rel}","templated":true}]}}