{"id":8431,"date":"2019-07-19T22:11:48","date_gmt":"2019-07-20T03:11:48","guid":{"rendered":"http:\/\/diariodigitalmx.com\/?p=8431"},"modified":"2019-07-19T22:11:49","modified_gmt":"2019-07-20T03:11:49","slug":"el-chapo-ya-duerme-en-una-prision-de-maxima-seguridad-en-colorado","status":"publish","type":"post","link":"https:\/\/diariodigitalmx.com\/index.php\/2019\/07\/19\/el-chapo-ya-duerme-en-una-prision-de-maxima-seguridad-en-colorado\/","title":{"rendered":"El Chapo ya duerme en una prisi\u00f3n de m\u00e1xima seguridad en Colorado"},"content":{"rendered":"\n<p>El gobierno estadounidense confirm\u00f3 este viernes que el narcotraficante Joaqu\u00edn \u201cEl Chapo\u201d Guzm\u00e1n lleg\u00f3 a la principal c\u00e1rcel de m\u00e1xima seguridad de Estados Unidos, conocida como el \u201cAlcatraz de las Rocosas\u201d.<br><\/p>\n\n\n\n<p>La Oficina Federal de Prisiones dijo que Guzm\u00e1n se encuentra en la United States Penitentiary Administrative Maximum, en Florence, Colorado, m\u00e1s conocida en ingl\u00e9s como ADX.<br><\/p>\n\n\n\n<p>Autoridades de la prisi\u00f3n informaron que su localizador de presos por internet actualizar\u00e1 esta nueva informaci\u00f3n el s\u00e1bado.<br><\/p>\n\n\n\n<p>Autoridades estadounidenses confirmaron que el narcotraficante lleg\u00f3 este viernes a la c\u00e1rcel conocida como &#8220;Alcatraz de las Rocosas&#8221;; Guzm\u00e1n Loera fue condenado a cadena perpetua m\u00e1s 30 a\u00f1os adicionales tras ser declarado culpable de una decena de delitos<br><\/p>\n\n\n\n<p>Mientras tanto, el abogado de Guzm\u00e1n, Jeffrey Lichtman, dijo el jueves que horas despu\u00e9s de ser sentenciado a cadena perpetua el mi\u00e9rcoles un helic\u00f3ptero del gobierno se llev\u00f3 a El Chapo hacia Colorado.<br><\/p>\n\n\n\n<p>En la mayor\u00eda de los casos pasa un tiempo entre la lectura de sentencia de los acusados y la decisi\u00f3n de la Oficina de Prisiones sobre d\u00f3nde estar\u00e1n recluidos. En el caso de Guzm\u00e1n, el juez de distrito Brian Cogan acord\u00f3 tras dictar su sentencia recomendar a la dependencia que permitiera que Guzm\u00e1n permaneciera en la prisi\u00f3n federal de Manhattan en la que se encontraba dos meses m\u00e1s para que sus abogados prepararan la apelaci\u00f3n.<br><\/p>\n\n\n\n<p>Lichtman dijo que qued\u00f3 claro que hab\u00eda un plan preparado \u201cpara sacarlo de la ciudad en cuanto fuera posible\u201d.<br><\/p>\n\n\n\n<p>En el \u201cAlcatraz de las Rocosas\u201d tambi\u00e9n est\u00e1n el \u201cUnabomber\u201d Ted Kaczynksi; el atacante del marat\u00f3n de Boston, Dzhokhar Tsarnaev; el conspirador del 11 de septiembre, Zacarias Moussaoui, y el c\u00f3mplice del ataque con bomba en Oklahoma City, Terry Nichols.<br><\/p>\n\n\n\n<p>Con informaci\u00f3n de AP<\/p>\n","protected":false},"excerpt":{"rendered":"<p>El gobierno estadounidense confirm\u00f3 este viernes que el narcotraficante Joaqu\u00edn \u201cEl Chapo\u201d Guzm\u00e1n lleg\u00f3 a la principal c\u00e1rcel de m\u00e1xima seguridad de Estados Unidos, conocida como el \u201cAlcatraz de las Rocosas\u201d. La Oficina Federal de Prisiones dijo que Guzm\u00e1n se encuentra en la United States Penitentiary Administrative Maximum, en Florence, Colorado, m\u00e1s conocida en ingl\u00e9s [&hellip;]<\/p>\n","protected":false},"author":1,"featured_media":8433,"comment_status":"open","ping_status":"open","sticky":true,"template":"","format":"standard","meta":{"footnotes":""},"categories":[4],"tags":[],"_links":{"self":[{"href":"https:\/\/diariodigitalmx.com\/index.php\/wp-json\/wp\/v2\/posts\/8431"}],"collection":[{"href":"https:\/\/diariodigitalmx.com\/index.php\/wp-json\/wp\/v2\/posts"}],"about":[{"href":"https:\/\/diariodigitalmx.com\/index.php\/wp-json\/wp\/v2\/types\/post"}],"author":[{"embeddable":true,"href":"https:\/\/diariodigitalmx.com\/index.php\/wp-json\/wp\/v2\/users\/1"}],"replies":[{"embeddable":true,"href":"https:\/\/diariodigitalmx.com\/index.php\/wp-json\/wp\/v2\/comments?post=8431"}],"version-history":[{"count":1,"href":"https:\/\/diariodigitalmx.com\/index.php\/wp-json\/wp\/v2\/posts\/8431\/revisions"}],"predecessor-version":[{"id":8432,"href":"https:\/\/diariodigitalmx.com\/index.php\/wp-json\/wp\/v2\/posts\/8431\/revisions\/8432"}],"wp:featuredmedia":[{"embeddable":true,"href":"https:\/\/diariodigitalmx.com\/index.php\/wp-json\/wp\/v2\/media\/8433"}],"wp:attachment":[{"href":"https:\/\/diariodigitalmx.com\/index.php\/wp-json\/wp\/v2\/media?parent=8431"}],"wp:term":[{"taxonomy":"category","embeddable":true,"href":"https:\/\/diariodigitalmx.com\/index.php\/wp-json\/wp\/v2\/categories?post=8431"},{"taxonomy":"post_tag","embeddable":true,"href":"https:\/\/diariodigitalmx.com\/index.php\/wp-json\/wp\/v2\/tags?post=8431"}],"curies":[{"name":"wp","href":"https:\/\/api.w.org\/{rel}","templated":true}]}}