{"id":8434,"date":"2019-07-20T16:09:03","date_gmt":"2019-07-20T21:09:03","guid":{"rendered":"http:\/\/diariodigitalmx.com\/?p=8434"},"modified":"2019-07-20T16:09:32","modified_gmt":"2019-07-20T21:09:32","slug":"mujer-da-a-luz-afuera-del-materno-infantil-acusan-negligencia-y-salud-dice-que-se-nego-a-ser-atendida","status":"publish","type":"post","link":"https:\/\/diariodigitalmx.com\/index.php\/2019\/07\/20\/mujer-da-a-luz-afuera-del-materno-infantil-acusan-negligencia-y-salud-dice-que-se-nego-a-ser-atendida\/","title":{"rendered":"Mujer da a luz afuera del Materno Infantil; acusan negligencia y Salud dice que se neg\u00f3 a ser atendida"},"content":{"rendered":"\n<p>Jessica Leal<\/p>\n\n\n\n<p>Monterrey, N. L- En medio de algunas protestas de familiares y testigos que acusaron negligencia, una mujer dio a luz afuera del Hospital Materno Infantil, en tanto la secretar\u00eda de Salud, estatal dice que se neg\u00f3 a ser atendida y al salir del nosocomio se presentaron los hechos.<br><\/p>\n\n\n\n<p>&#8220;En ning\u00fan momento se le neg\u00f3 la atenci\u00f3n a la paciente que ingres\u00f3 al nosocomio este viernes 19 de julio a las 21:38 (horas)&#8221;.<br><\/p>\n\n\n\n<p>&#8220;La paciente refiri\u00f3 dolor y se le administr\u00f3 el medicamento indicado, pero no permiti\u00f3 que se le realizara el procedimiento para confirmar la dilataci\u00f3n cervical&#8221;.<br><\/p>\n\n\n\n<p>En redes sociales aparece la mujer sentada en el suelo sobre un charco de sangre &nbsp;y carga a su beb\u00e9 reci\u00e9n nacido.<br><\/p>\n\n\n\n<p>Al parecer, la mujer de entre 20 y 25 a\u00f1os acababa de llegar al \u00e1rea de urgencias en una camioneta negra junto a unos familiares cuando ocurri\u00f3 el nacimiento.<br><\/p>\n\n\n\n<p> Un doctor y una enfermera se acercan para auxiliarla, mientras varias personas exigen a gritos que la atiendan, alegando que se trat\u00f3 de una negligencia. Un hombre que ser\u00eda su esposo insulta al personal m\u00e9dico y el padre de la mujer le pide se calme.<br><\/p>\n\n\n\n<p>La informaci\u00f3n de Salud menciona que al no permitir la mujer se le atender\u00e1 se le di\u00f3 su alta y fue cuando sali\u00f3 que di\u00f3 a luz.<br><\/p>\n\n\n\n<p> &#8220;Al sentirse mejor, la paciente solicit\u00f3 su alta, ante lo cual los m\u00e9dicos le solicitaron permitiera realizarle el procedimiento para determinar si pod\u00eda o no ser dada de alta&#8221;.<br><\/p>\n\n\n\n<p>&#8220;Al no acceder, se le otorg\u00f3 el alta voluntaria, toda vez que el hospital no puede retener a nadie contra su voluntad&#8221;.<\/p>\n\n\n\n<p><br><\/p>\n\n\n\n<figure class=\"wp-block-image\"><img loading=\"lazy\" decoding=\"async\" width=\"660\" height=\"440\" src=\"http:\/\/diariodigitalmx.com\/wp-content\/uploads\/2019\/07\/8150076.jpg\" alt=\"\" class=\"wp-image-8438\" srcset=\"https:\/\/diariodigitalmx.com\/wp-content\/uploads\/2019\/07\/8150076.jpg 660w, https:\/\/diariodigitalmx.com\/wp-content\/uploads\/2019\/07\/8150076-300x200.jpg 300w\" sizes=\"(max-width: 660px) 100vw, 660px\" \/><\/figure>\n\n\n\n<p>La mujer habr\u00eda salido del hospital &nbsp;pasadas las 0:00 horas y luego  se present\u00f3 un parto fortuito prematuro de 36 semanas de gestaci\u00f3n, del que naci\u00f3 una beb\u00e9 con un peso 2.5 kilogramos y 49 cent\u00edmetros de altura.<br><\/p>\n\n\n\n<p>&#8220;La paciente y la reci\u00e9n nacida fueron internadas en el mismo hospital y hasta el momento se encuentran en perfecto estado de salud y recibiendo la atenci\u00f3n m\u00e9dica pertinente&#8221;, explica Salud.<\/p>\n\n\n\n<p><\/p>\n","protected":false},"excerpt":{"rendered":"<p>Jessica Leal Monterrey, N. L- En medio de algunas protestas de familiares y testigos que acusaron negligencia, una mujer dio a luz afuera del Hospital Materno Infantil, en tanto la secretar\u00eda de Salud, estatal dice que se neg\u00f3 a ser atendida y al salir del nosocomio se presentaron los hechos. &#8220;En ning\u00fan momento se le [&hellip;]<\/p>\n","protected":false},"author":1,"featured_media":8437,"comment_status":"open","ping_status":"open","sticky":true,"template":"","format":"standard","meta":{"footnotes":""},"categories":[6],"tags":[],"_links":{"self":[{"href":"https:\/\/diariodigitalmx.com\/index.php\/wp-json\/wp\/v2\/posts\/8434"}],"collection":[{"href":"https:\/\/diariodigitalmx.com\/index.php\/wp-json\/wp\/v2\/posts"}],"about":[{"href":"https:\/\/diariodigitalmx.com\/index.php\/wp-json\/wp\/v2\/types\/post"}],"author":[{"embeddable":true,"href":"https:\/\/diariodigitalmx.com\/index.php\/wp-json\/wp\/v2\/users\/1"}],"replies":[{"embeddable":true,"href":"https:\/\/diariodigitalmx.com\/index.php\/wp-json\/wp\/v2\/comments?post=8434"}],"version-history":[{"count":3,"href":"https:\/\/diariodigitalmx.com\/index.php\/wp-json\/wp\/v2\/posts\/8434\/revisions"}],"predecessor-version":[{"id":8439,"href":"https:\/\/diariodigitalmx.com\/index.php\/wp-json\/wp\/v2\/posts\/8434\/revisions\/8439"}],"wp:featuredmedia":[{"embeddable":true,"href":"https:\/\/diariodigitalmx.com\/index.php\/wp-json\/wp\/v2\/media\/8437"}],"wp:attachment":[{"href":"https:\/\/diariodigitalmx.com\/index.php\/wp-json\/wp\/v2\/media?parent=8434"}],"wp:term":[{"taxonomy":"category","embeddable":true,"href":"https:\/\/diariodigitalmx.com\/index.php\/wp-json\/wp\/v2\/categories?post=8434"},{"taxonomy":"post_tag","embeddable":true,"href":"https:\/\/diariodigitalmx.com\/index.php\/wp-json\/wp\/v2\/tags?post=8434"}],"curies":[{"name":"wp","href":"https:\/\/api.w.org\/{rel}","templated":true}]}}