{"id":8440,"date":"2019-07-20T16:47:41","date_gmt":"2019-07-20T21:47:41","guid":{"rendered":"http:\/\/diariodigitalmx.com\/?p=8440"},"modified":"2019-07-20T16:48:15","modified_gmt":"2019-07-20T21:48:15","slug":"chiapanecos-veracruzanos-y-poblanos-enrolados-en-la-wehrmacht","status":"publish","type":"post","link":"https:\/\/diariodigitalmx.com\/index.php\/2019\/07\/20\/chiapanecos-veracruzanos-y-poblanos-enrolados-en-la-wehrmacht\/","title":{"rendered":"Chiapanecos, veracruzanos y poblanos enrolados  en la Wehrmacht"},"content":{"rendered":"\n<p>J. Alberto C. Guerrero<br><\/p>\n\n\n\n<p>La Alemania de Adolfo Hitler tuvo una gran &nbsp;&nbsp;influencia econ\u00f3mica, pol\u00edtica y cultural  sobre M\u00e9xico. No obstante las investigaciones hist\u00f3ricas sobre esos temas &nbsp;&nbsp;son a\u00fan incipientes,  muy limitadas y  quedan muchos pasajes in\u00e9ditos por descubrir. <br><\/p>\n\n\n\n<p>Uno de los campos menos explorados son las actividades y campa\u00f1as a favor de &nbsp;Hitler en los diversos estados de la Rep\u00fablica Mexicana. <br><\/p>\n\n\n\n<p>En ese sentido sobresalen dos: Chiapas y Nuevo Le\u00f3n.<br><\/p>\n\n\n\n<p>En Monterrey, capital de Nuevo Le\u00f3n, el acaudalado &nbsp;empresario de origen alem\u00e1n Guido Moebius form\u00f3 un peque\u00f1o ej\u00e9rcito que se integr\u00f3 &nbsp;con unos 150 \u201cguerrilleros\u201d que se entrenaron militarmente  en un desolado paraje de la la Meseta de Chipinque. <br><\/p>\n\n\n\n<p>Posteriormente esa falange compuesta &nbsp;por ciudadanos de origen alem\u00e1n, italianos y mexicanos &nbsp;&nbsp;&nbsp;cruz\u00f3 la frontera y sabote\u00f3  instalaciones estrat\u00e9gicas e industria b\u00e9lica &nbsp;en Texas.<br><\/p>\n\n\n\n<p>Chiapas destaca por &nbsp;la gran cantidad de j\u00f3venes de padres alemanes nacidos en las fincasa cafetales, quienes a finales de la d\u00e9cada de los treinta del Siglo XX rechazaron la ciudadan\u00eda mexicana para enrolarse en el ej\u00e9rcito del Tercer Reich: la Wehrmacht.<\/p>\n\n\n\n<ul class=\"wp-block-gallery columns-2 is-cropped wp-block-gallery-1 is-layout-flex wp-block-gallery-is-layout-flex\"><li class=\"blocks-gallery-item\"><figure><img loading=\"lazy\" decoding=\"async\" width=\"667\" height=\"1008\" src=\"http:\/\/diariodigitalmx.com\/wp-content\/uploads\/2019\/07\/FB_IMG_1563659066700.jpg\" alt=\"\" data-id=\"8443\" data-link=\"http:\/\/diariodigitalmx.com\/index.php\/2019\/07\/20\/chiapanecos-veracruzanos-y-poblanos-enrolados-en-la-wehrmacht\/fb_img_1563659066700\/\" class=\"wp-image-8443\" srcset=\"https:\/\/diariodigitalmx.com\/wp-content\/uploads\/2019\/07\/FB_IMG_1563659066700.jpg 667w, https:\/\/diariodigitalmx.com\/wp-content\/uploads\/2019\/07\/FB_IMG_1563659066700-199x300.jpg 199w\" sizes=\"(max-width: 667px) 100vw, 667px\" \/><\/figure><\/li><li class=\"blocks-gallery-item\"><figure><img loading=\"lazy\" decoding=\"async\" width=\"687\" height=\"1024\" src=\"http:\/\/diariodigitalmx.com\/wp-content\/uploads\/2019\/07\/FB_IMG_1563659047442-687x1024.jpg\" alt=\"\" data-id=\"8444\" data-link=\"http:\/\/diariodigitalmx.com\/index.php\/2019\/07\/20\/chiapanecos-veracruzanos-y-poblanos-enrolados-en-la-wehrmacht\/fb_img_1563659047442\/\" class=\"wp-image-8444\" srcset=\"https:\/\/diariodigitalmx.com\/wp-content\/uploads\/2019\/07\/FB_IMG_1563659047442-687x1024.jpg 687w, https:\/\/diariodigitalmx.com\/wp-content\/uploads\/2019\/07\/FB_IMG_1563659047442-201x300.jpg 201w, https:\/\/diariodigitalmx.com\/wp-content\/uploads\/2019\/07\/FB_IMG_1563659047442.jpg 729w\" sizes=\"(max-width: 687px) 100vw, 687px\" \/><\/figure><\/li><\/ul>\n","protected":false},"excerpt":{"rendered":"<p>J. Alberto C. Guerrero La Alemania de Adolfo Hitler tuvo una gran &nbsp;&nbsp;influencia econ\u00f3mica, pol\u00edtica y cultural sobre M\u00e9xico. No obstante las investigaciones hist\u00f3ricas sobre esos temas &nbsp;&nbsp;son a\u00fan incipientes, muy limitadas y quedan muchos pasajes in\u00e9ditos por descubrir. Uno de los campos menos explorados son las actividades y campa\u00f1as a favor de &nbsp;Hitler en [&hellip;]<\/p>\n","protected":false},"author":1,"featured_media":8442,"comment_status":"open","ping_status":"open","sticky":true,"template":"","format":"standard","meta":{"footnotes":""},"categories":[14,12],"tags":[],"_links":{"self":[{"href":"https:\/\/diariodigitalmx.com\/index.php\/wp-json\/wp\/v2\/posts\/8440"}],"collection":[{"href":"https:\/\/diariodigitalmx.com\/index.php\/wp-json\/wp\/v2\/posts"}],"about":[{"href":"https:\/\/diariodigitalmx.com\/index.php\/wp-json\/wp\/v2\/types\/post"}],"author":[{"embeddable":true,"href":"https:\/\/diariodigitalmx.com\/index.php\/wp-json\/wp\/v2\/users\/1"}],"replies":[{"embeddable":true,"href":"https:\/\/diariodigitalmx.com\/index.php\/wp-json\/wp\/v2\/comments?post=8440"}],"version-history":[{"count":2,"href":"https:\/\/diariodigitalmx.com\/index.php\/wp-json\/wp\/v2\/posts\/8440\/revisions"}],"predecessor-version":[{"id":8445,"href":"https:\/\/diariodigitalmx.com\/index.php\/wp-json\/wp\/v2\/posts\/8440\/revisions\/8445"}],"wp:featuredmedia":[{"embeddable":true,"href":"https:\/\/diariodigitalmx.com\/index.php\/wp-json\/wp\/v2\/media\/8442"}],"wp:attachment":[{"href":"https:\/\/diariodigitalmx.com\/index.php\/wp-json\/wp\/v2\/media?parent=8440"}],"wp:term":[{"taxonomy":"category","embeddable":true,"href":"https:\/\/diariodigitalmx.com\/index.php\/wp-json\/wp\/v2\/categories?post=8440"},{"taxonomy":"post_tag","embeddable":true,"href":"https:\/\/diariodigitalmx.com\/index.php\/wp-json\/wp\/v2\/tags?post=8440"}],"curies":[{"name":"wp","href":"https:\/\/api.w.org\/{rel}","templated":true}]}}