{"id":8452,"date":"2019-07-20T20:54:15","date_gmt":"2019-07-21T01:54:15","guid":{"rendered":"http:\/\/diariodigitalmx.com\/?p=8452"},"modified":"2019-07-20T20:54:44","modified_gmt":"2019-07-21T01:54:44","slug":"renuncian-panistas-en-santiago-nl-cacicazgo-de-lalo-garcia-el-dueno-del-pan","status":"publish","type":"post","link":"https:\/\/diariodigitalmx.com\/index.php\/2019\/07\/20\/renuncian-panistas-en-santiago-nl-cacicazgo-de-lalo-garcia-el-dueno-del-pan\/","title":{"rendered":"Renuncian panistas en Santiago, NL; cacicazgo de Lalo Garc\u00eda, el due\u00f1o del PAN"},"content":{"rendered":"\n<p><br> Un grupo de panistas encabezados por Francisco Javier Cavazos Almaguer renunci\u00f3 al blanquiazul en protesta por el cacicazgo que ejerce en el comit\u00e9 municipal el que fuera su candidato a la alcald\u00eda en las pasadas elecciones, Eduardo Garc\u00eda Carrillo.<\/p>\n\n\n\n<p>Garc\u00eda Carrillo se desempe\u00f1aba como presidente del comit\u00e9 municipal blanquiazul y dej\u00f3 el cargo para contender por la alcald\u00eda, quedando de manera provisional al frente Javier Cavazos. Una vez que perdieron la elecci\u00f3n este \u00faltimo se qued\u00f3 en la presidencia y ante la renovaci\u00f3n del comit\u00e9 decidi\u00f3 renunciar al encargo para postularse ahora de manera formal y para ello present\u00f3 el 28 de junio su renuncia.<\/p>\n\n\n\n<p>Sin embargo y para bloquear su participaci\u00f3n, le informaron que aunque su renuncia a la presidencia es v\u00e1lida, el acta en donde se informa del acuerdo no lo es por una supuesta \u201cfalta de qu\u00f3rum\u201d al estar presentes s\u00f3lo tres consejeros cuando deber\u00eda haber un m\u00ednimo de seis.<\/p>\n\n\n\n<p>\u201cEl PAN en Santiago tiene due\u00f1o y se llama Lalo Garc\u00eda\u201d dijo con visible molestia Cavazos.<\/p>\n\n\n\n<p>Y agreg\u00f3: \u201cTodo es un truco, una trampa, una simulaci\u00f3n para imponer en la presidencia a la regidora Ericka Espronceda, que formaba adem\u00e1s parte de su planilla, y de esta manera asegurar ser de nuevo el candidato del PAN a la alcald\u00eda en la pr\u00f3xima elecci\u00f3n\u201d.<\/p>\n\n\n\n<p>\u201cTodo tiene un l\u00edmite y Lalo Garc\u00eda no ha entendido que el partido no es de su propiedad. Si en la dirigencia estatal y nacional le permiten pisotear a la militancia all\u00e1 ellos, pero nosotros ya nos cansamos de sus trampas y manipulaciones, por ello preferimos renunciar\u201d, dijo Cavazos Almaguer.<\/p>\n\n\n\n<p>A\u00f1adi\u00f3 que son siete familias completas las que dejar\u00e1n las filas blanquiazules, pero dijo que tras su denuncia no duda en que muchos otros m\u00e1s har\u00e1n lo mismo, \u201cfrancamente estamos cansados de estar en un lugar en donde hablan de democracia, pero no la practican\u201d.<\/p>\n\n\n\n<figure class=\"wp-block-image\"><img loading=\"lazy\" decoding=\"async\" width=\"768\" height=\"1024\" src=\"http:\/\/diariodigitalmx.com\/wp-content\/uploads\/2019\/07\/IMG-20190720-WA0005-1-768x1024.jpg\" alt=\"\" class=\"wp-image-8456\" srcset=\"https:\/\/diariodigitalmx.com\/wp-content\/uploads\/2019\/07\/IMG-20190720-WA0005-1-768x1024.jpg 768w, https:\/\/diariodigitalmx.com\/wp-content\/uploads\/2019\/07\/IMG-20190720-WA0005-1-225x300.jpg 225w, https:\/\/diariodigitalmx.com\/wp-content\/uploads\/2019\/07\/IMG-20190720-WA0005-1.jpg 774w\" sizes=\"(max-width: 768px) 100vw, 768px\" \/><\/figure>\n","protected":false},"excerpt":{"rendered":"<p>Un grupo de panistas encabezados por Francisco Javier Cavazos Almaguer renunci\u00f3 al blanquiazul en protesta por el cacicazgo que ejerce en el comit\u00e9 municipal el que fuera su candidato a la alcald\u00eda en las pasadas elecciones, Eduardo Garc\u00eda Carrillo. Garc\u00eda Carrillo se desempe\u00f1aba como presidente del comit\u00e9 municipal blanquiazul y dej\u00f3 el cargo para contender [&hellip;]<\/p>\n","protected":false},"author":1,"featured_media":8455,"comment_status":"open","ping_status":"open","sticky":true,"template":"","format":"standard","meta":{"footnotes":""},"categories":[6],"tags":[],"_links":{"self":[{"href":"https:\/\/diariodigitalmx.com\/index.php\/wp-json\/wp\/v2\/posts\/8452"}],"collection":[{"href":"https:\/\/diariodigitalmx.com\/index.php\/wp-json\/wp\/v2\/posts"}],"about":[{"href":"https:\/\/diariodigitalmx.com\/index.php\/wp-json\/wp\/v2\/types\/post"}],"author":[{"embeddable":true,"href":"https:\/\/diariodigitalmx.com\/index.php\/wp-json\/wp\/v2\/users\/1"}],"replies":[{"embeddable":true,"href":"https:\/\/diariodigitalmx.com\/index.php\/wp-json\/wp\/v2\/comments?post=8452"}],"version-history":[{"count":3,"href":"https:\/\/diariodigitalmx.com\/index.php\/wp-json\/wp\/v2\/posts\/8452\/revisions"}],"predecessor-version":[{"id":8457,"href":"https:\/\/diariodigitalmx.com\/index.php\/wp-json\/wp\/v2\/posts\/8452\/revisions\/8457"}],"wp:featuredmedia":[{"embeddable":true,"href":"https:\/\/diariodigitalmx.com\/index.php\/wp-json\/wp\/v2\/media\/8455"}],"wp:attachment":[{"href":"https:\/\/diariodigitalmx.com\/index.php\/wp-json\/wp\/v2\/media?parent=8452"}],"wp:term":[{"taxonomy":"category","embeddable":true,"href":"https:\/\/diariodigitalmx.com\/index.php\/wp-json\/wp\/v2\/categories?post=8452"},{"taxonomy":"post_tag","embeddable":true,"href":"https:\/\/diariodigitalmx.com\/index.php\/wp-json\/wp\/v2\/tags?post=8452"}],"curies":[{"name":"wp","href":"https:\/\/api.w.org\/{rel}","templated":true}]}}