{"id":8463,"date":"2019-07-20T21:08:35","date_gmt":"2019-07-21T02:08:35","guid":{"rendered":"http:\/\/diariodigitalmx.com\/?p=8463"},"modified":"2019-07-20T21:08:36","modified_gmt":"2019-07-21T02:08:36","slug":"no-hay-intencion-de-desmantelar-el-coneval-dicen","status":"publish","type":"post","link":"https:\/\/diariodigitalmx.com\/index.php\/2019\/07\/20\/no-hay-intencion-de-desmantelar-el-coneval-dicen\/","title":{"rendered":"No hay intenci\u00f3n de desmantelar el Coneval, dicen"},"content":{"rendered":"\n<p>La dependencia federal manifiesta que reconoce la labor del Consejo Nacional de Evaluaci\u00f3n de la Pol\u00edtica de Desarrollo Social, por lo que se aplicar\u00e1n s\u00f3lo las medidas de austeridad adecuadas<\/p>\n\n\n\n<p>Tras las denuncias que han hecho integrantes del Consejo Nacional de Evaluaci\u00f3n de la Pol\u00edtica de Desarrollo Social (Coneval) de que, debido a la pol\u00edtica de austeridad del gobierno federal, hay una exigencia de la Secretar\u00eda de Bienestar y de la Secretar\u00eda de Hacienda y Cr\u00e9dito P\u00fablico (SHCP) para reducir el n\u00famero de plazas de trabajadores eventuales, reducci\u00f3n de montos econ\u00f3micos y con esto el desmantelamiento del organismo aut\u00f3nomo, Bienestar asegur\u00f3 que no existe tal medida.<\/p>\n\n\n\n<p>Por medio de un comunicado, la dependencia federal manifest\u00f3 que reconoce la importancia del labor que realiza el Coneval, puesto que&nbsp;la evaluaci\u00f3n de los programas sociales y la medici\u00f3n de la pobreza en el pa\u00eds &#8220;son estrat\u00e9gicas para la correcta implementaci\u00f3n de pol\u00edticas p\u00fablicas efectivas&#8221;.<\/p>\n\n\n\n<p>&#8220;No existe un proceso de desmantelamiento del Coneval. La&nbsp;Secretar\u00eda de Bienestar&nbsp;considera fundamental que el Coneval contin\u00fae operando con normalidad en pleno ejercicio de sus funciones como \u00f3rgano de observaci\u00f3n y evaluaci\u00f3n de la pol\u00edtica social&#8221;.<\/p>\n\n\n\n<p>Detall\u00f3 que de las 144 plazas eventuales que hay en el Coneval, 130 ya fueron remitidas por esta dependencia a la SHCP para su refrendo, y que \u00fanicamente 14 puestos est\u00e1n en proceso de an\u00e1lisis org\u00e1nico funcional, en atenci\u00f3n al memor\u00e1ndum enviado por el Presidente&nbsp;Andr\u00e9s Manuel L\u00f3pez Obrador&nbsp;el pasado 3 de mayo.<\/p>\n","protected":false},"excerpt":{"rendered":"<p>La dependencia federal manifiesta que reconoce la labor del Consejo Nacional de Evaluaci\u00f3n de la Pol\u00edtica de Desarrollo Social, por lo que se aplicar\u00e1n s\u00f3lo las medidas de austeridad adecuadas Tras las denuncias que han hecho integrantes del Consejo Nacional de Evaluaci\u00f3n de la Pol\u00edtica de Desarrollo Social (Coneval) de que, debido a la pol\u00edtica [&hellip;]<\/p>\n","protected":false},"author":1,"featured_media":8467,"comment_status":"open","ping_status":"open","sticky":true,"template":"","format":"standard","meta":{"footnotes":""},"categories":[2],"tags":[],"_links":{"self":[{"href":"https:\/\/diariodigitalmx.com\/index.php\/wp-json\/wp\/v2\/posts\/8463"}],"collection":[{"href":"https:\/\/diariodigitalmx.com\/index.php\/wp-json\/wp\/v2\/posts"}],"about":[{"href":"https:\/\/diariodigitalmx.com\/index.php\/wp-json\/wp\/v2\/types\/post"}],"author":[{"embeddable":true,"href":"https:\/\/diariodigitalmx.com\/index.php\/wp-json\/wp\/v2\/users\/1"}],"replies":[{"embeddable":true,"href":"https:\/\/diariodigitalmx.com\/index.php\/wp-json\/wp\/v2\/comments?post=8463"}],"version-history":[{"count":3,"href":"https:\/\/diariodigitalmx.com\/index.php\/wp-json\/wp\/v2\/posts\/8463\/revisions"}],"predecessor-version":[{"id":8466,"href":"https:\/\/diariodigitalmx.com\/index.php\/wp-json\/wp\/v2\/posts\/8463\/revisions\/8466"}],"wp:featuredmedia":[{"embeddable":true,"href":"https:\/\/diariodigitalmx.com\/index.php\/wp-json\/wp\/v2\/media\/8467"}],"wp:attachment":[{"href":"https:\/\/diariodigitalmx.com\/index.php\/wp-json\/wp\/v2\/media?parent=8463"}],"wp:term":[{"taxonomy":"category","embeddable":true,"href":"https:\/\/diariodigitalmx.com\/index.php\/wp-json\/wp\/v2\/categories?post=8463"},{"taxonomy":"post_tag","embeddable":true,"href":"https:\/\/diariodigitalmx.com\/index.php\/wp-json\/wp\/v2\/tags?post=8463"}],"curies":[{"name":"wp","href":"https:\/\/api.w.org\/{rel}","templated":true}]}}