{"id":8494,"date":"2019-07-20T22:49:10","date_gmt":"2019-07-21T03:49:10","guid":{"rendered":"http:\/\/diariodigitalmx.com\/?p=8494"},"modified":"2019-07-20T22:49:37","modified_gmt":"2019-07-21T03:49:37","slug":"para-abordar-temas-migratorios-llega-a-mexico-mike-pompeo","status":"publish","type":"post","link":"https:\/\/diariodigitalmx.com\/index.php\/2019\/07\/20\/para-abordar-temas-migratorios-llega-a-mexico-mike-pompeo\/","title":{"rendered":"Para abordar temas  migratorios llega a M\u00e9xico Mike Pompeo"},"content":{"rendered":"\n<p>El secretario de Estado de Estados Unidos, Mike Pompeo lleg\u00f3 este s\u00e1bado a M\u00e9xico para sostener una reuni\u00f3n con el canciller Marcelo Ebrard.<br><\/p>\n\n\n\n<p>Pompeo fue recibido por la subsecretaria para Asuntos Multilaterales y Derechos Humanos, Martha Delgado, quien dijo tuvo el gusto de recibir al funcionario estadounidense.<br><\/p>\n\n\n\n<p>Ebrard anunci\u00f3 la reuni\u00f3n desde el pasado 17 de julio para dar seguimiento a temas como migraci\u00f3n, comercio y el Plan de Desarrollo Integral para Centroam\u00e9rica.<br><\/p>\n\n\n\n<p>Durante su viaje a El Salvador, Ebrard dijo que M\u00e9xico ha cumplido con los compromisos en materia migratoria por lo que cuestionar\u00e1 a Pompeo sobre los avances en EU.<br><\/p>\n\n\n\n<p>\u201cNosotros hemos hecho todos los compromisos, m\u00e1s bien yo les voy a preguntar a ellos sobre su cumplimiento\u201d, dijo Ebrard tras poner en marcha el programa \u201cSembrando Vida\u201d en el pa\u00eds sudamericano.<br><\/p>\n\n\n\n<p>El pr\u00f3ximo 27 de julio se espera la visita del presidente de Honduras, Juan Orlando Hern\u00e1ndez para discutir la situaci\u00f3n de los menores y los migrantes en general.<\/p>\n\n\n\n<p><\/p>\n\n\n\n<figure class=\"wp-block-image\"><img loading=\"lazy\" decoding=\"async\" width=\"877\" height=\"1024\" src=\"http:\/\/diariodigitalmx.com\/wp-content\/uploads\/2019\/07\/Screenshot_20190720-2245362-877x1024.png\" alt=\"\" class=\"wp-image-8498\" srcset=\"https:\/\/diariodigitalmx.com\/wp-content\/uploads\/2019\/07\/Screenshot_20190720-2245362-877x1024.png 877w, https:\/\/diariodigitalmx.com\/wp-content\/uploads\/2019\/07\/Screenshot_20190720-2245362-257x300.png 257w, https:\/\/diariodigitalmx.com\/wp-content\/uploads\/2019\/07\/Screenshot_20190720-2245362-768x897.png 768w, https:\/\/diariodigitalmx.com\/wp-content\/uploads\/2019\/07\/Screenshot_20190720-2245362.png 948w\" sizes=\"(max-width: 877px) 100vw, 877px\" \/><\/figure>\n","protected":false},"excerpt":{"rendered":"<p>El secretario de Estado de Estados Unidos, Mike Pompeo lleg\u00f3 este s\u00e1bado a M\u00e9xico para sostener una reuni\u00f3n con el canciller Marcelo Ebrard. Pompeo fue recibido por la subsecretaria para Asuntos Multilaterales y Derechos Humanos, Martha Delgado, quien dijo tuvo el gusto de recibir al funcionario estadounidense. Ebrard anunci\u00f3 la reuni\u00f3n desde el pasado 17 [&hellip;]<\/p>\n","protected":false},"author":1,"featured_media":8497,"comment_status":"open","ping_status":"open","sticky":true,"template":"","format":"standard","meta":{"footnotes":""},"categories":[2],"tags":[],"_links":{"self":[{"href":"https:\/\/diariodigitalmx.com\/index.php\/wp-json\/wp\/v2\/posts\/8494"}],"collection":[{"href":"https:\/\/diariodigitalmx.com\/index.php\/wp-json\/wp\/v2\/posts"}],"about":[{"href":"https:\/\/diariodigitalmx.com\/index.php\/wp-json\/wp\/v2\/types\/post"}],"author":[{"embeddable":true,"href":"https:\/\/diariodigitalmx.com\/index.php\/wp-json\/wp\/v2\/users\/1"}],"replies":[{"embeddable":true,"href":"https:\/\/diariodigitalmx.com\/index.php\/wp-json\/wp\/v2\/comments?post=8494"}],"version-history":[{"count":3,"href":"https:\/\/diariodigitalmx.com\/index.php\/wp-json\/wp\/v2\/posts\/8494\/revisions"}],"predecessor-version":[{"id":8499,"href":"https:\/\/diariodigitalmx.com\/index.php\/wp-json\/wp\/v2\/posts\/8494\/revisions\/8499"}],"wp:featuredmedia":[{"embeddable":true,"href":"https:\/\/diariodigitalmx.com\/index.php\/wp-json\/wp\/v2\/media\/8497"}],"wp:attachment":[{"href":"https:\/\/diariodigitalmx.com\/index.php\/wp-json\/wp\/v2\/media?parent=8494"}],"wp:term":[{"taxonomy":"category","embeddable":true,"href":"https:\/\/diariodigitalmx.com\/index.php\/wp-json\/wp\/v2\/categories?post=8494"},{"taxonomy":"post_tag","embeddable":true,"href":"https:\/\/diariodigitalmx.com\/index.php\/wp-json\/wp\/v2\/tags?post=8494"}],"curies":[{"name":"wp","href":"https:\/\/api.w.org\/{rel}","templated":true}]}}