{"id":8554,"date":"2019-07-21T12:37:52","date_gmt":"2019-07-21T17:37:52","guid":{"rendered":"http:\/\/diariodigitalmx.com\/?p=8554"},"modified":"2019-07-21T12:38:25","modified_gmt":"2019-07-21T17:38:25","slug":"siguen-las-protestas-en-hong-kong","status":"publish","type":"post","link":"https:\/\/diariodigitalmx.com\/index.php\/2019\/07\/21\/siguen-las-protestas-en-hong-kong\/","title":{"rendered":"Siguen las protestas en Hong Kong"},"content":{"rendered":"\n<p>*Millones de personas se han reunido en los \u00faltimos dos meses en una demostraci\u00f3n de fuerza sin precedentes contra la l\u00edder de Hong Kong, Carrie Lam<\/p>\n\n\n\n<p><\/p>\n\n\n\n<p>Hong Kong.- Las protestas antigubernamentales en Hong Kong persisten a dos meses de iniciadas y este domingo cientos de miles de personas salieron a las calles para mostrar su ira por un proyecto de ley de extradici\u00f3n que se transforma en un nuevo frente contra lo que muchos ven como una erosi\u00f3n de las libertades.<br><\/p>\n\n\n\n<p>Millones de personas se han reunido en los \u00faltimos dos meses en una demostraci\u00f3n de fuerza sin precedentes contra la l\u00edder de Hong Kong, Carrie Lam, provocando la peor agitaci\u00f3n social que sacudi\u00f3 a la ex colonia brit\u00e1nica desde que regres\u00f3 al gobierno chino hace 22 a\u00f1os, destaca el sitio Channel News Asia.<\/p>\n\n\n\n<p><br><\/p>\n\n\n\n<figure class=\"wp-block-image\"><img loading=\"lazy\" decoding=\"async\" width=\"400\" height=\"250\" src=\"http:\/\/diariodigitalmx.com\/wp-content\/uploads\/2019\/07\/hong-kong-1-reuters.jpeg\" alt=\"\" class=\"wp-image-8557\" srcset=\"https:\/\/diariodigitalmx.com\/wp-content\/uploads\/2019\/07\/hong-kong-1-reuters.jpeg 400w, https:\/\/diariodigitalmx.com\/wp-content\/uploads\/2019\/07\/hong-kong-1-reuters-300x188.jpeg 300w\" sizes=\"(max-width: 400px) 100vw, 400px\" \/><\/figure>\n\n\n\n<p>Los manifestantes marcharon este domingo bajo temperaturas de alrededor de 31 grados cent\u00edgrados en el bullicioso distrito comercial de Causeway Bay hasta Wan Chai, luego de que la polic\u00eda acort\u00f3 la ruta, citando preocupaciones de seguridad.<br><\/p>\n\n\n\n<p>La \u00faltima protesta se produce un d\u00eda despu\u00e9s de que decenas de miles se reunieron para expresar su apoyo a la fuerza policial, a quienes algunos han acusado de usar la fuerza excesiva contra los activistas, y piden que se ponga fin a la violencia.<br><\/p>\n\n\n\n<p>Mientras que algunos en la marcha del domingo piden el sufragio universal, una demanda clave es que se retire por completo el proyecto de ley de extradici\u00f3n ahora archivado, que habr\u00eda permitido que se enviara a personas a China para un juicio<\/p>\n\n\n\n<p><\/p>\n","protected":false},"excerpt":{"rendered":"<p>*Millones de personas se han reunido en los \u00faltimos dos meses en una demostraci\u00f3n de fuerza sin precedentes contra la l\u00edder de Hong Kong, Carrie Lam Hong Kong.- Las protestas antigubernamentales en Hong Kong persisten a dos meses de iniciadas y este domingo cientos de miles de personas salieron a las calles para mostrar su [&hellip;]<\/p>\n","protected":false},"author":1,"featured_media":8556,"comment_status":"open","ping_status":"open","sticky":true,"template":"","format":"standard","meta":{"footnotes":""},"categories":[4],"tags":[],"_links":{"self":[{"href":"https:\/\/diariodigitalmx.com\/index.php\/wp-json\/wp\/v2\/posts\/8554"}],"collection":[{"href":"https:\/\/diariodigitalmx.com\/index.php\/wp-json\/wp\/v2\/posts"}],"about":[{"href":"https:\/\/diariodigitalmx.com\/index.php\/wp-json\/wp\/v2\/types\/post"}],"author":[{"embeddable":true,"href":"https:\/\/diariodigitalmx.com\/index.php\/wp-json\/wp\/v2\/users\/1"}],"replies":[{"embeddable":true,"href":"https:\/\/diariodigitalmx.com\/index.php\/wp-json\/wp\/v2\/comments?post=8554"}],"version-history":[{"count":2,"href":"https:\/\/diariodigitalmx.com\/index.php\/wp-json\/wp\/v2\/posts\/8554\/revisions"}],"predecessor-version":[{"id":8558,"href":"https:\/\/diariodigitalmx.com\/index.php\/wp-json\/wp\/v2\/posts\/8554\/revisions\/8558"}],"wp:featuredmedia":[{"embeddable":true,"href":"https:\/\/diariodigitalmx.com\/index.php\/wp-json\/wp\/v2\/media\/8556"}],"wp:attachment":[{"href":"https:\/\/diariodigitalmx.com\/index.php\/wp-json\/wp\/v2\/media?parent=8554"}],"wp:term":[{"taxonomy":"category","embeddable":true,"href":"https:\/\/diariodigitalmx.com\/index.php\/wp-json\/wp\/v2\/categories?post=8554"},{"taxonomy":"post_tag","embeddable":true,"href":"https:\/\/diariodigitalmx.com\/index.php\/wp-json\/wp\/v2\/tags?post=8554"}],"curies":[{"name":"wp","href":"https:\/\/api.w.org\/{rel}","templated":true}]}}