{"id":856,"date":"2019-03-05T13:25:13","date_gmt":"2019-03-05T19:25:13","guid":{"rendered":"http:\/\/diariodigitalmx.com\/?p=856"},"modified":"2019-03-05T13:25:15","modified_gmt":"2019-03-05T19:25:15","slug":"estoy-al-cien-dice-lopez-obrador-sobre-su-estado-de-salud","status":"publish","type":"post","link":"https:\/\/diariodigitalmx.com\/index.php\/2019\/03\/05\/estoy-al-cien-dice-lopez-obrador-sobre-su-estado-de-salud\/","title":{"rendered":"&#8220;Estoy al cien&#8221;, dice L\u00f3pez Obrador sobre su estado de salud"},"content":{"rendered":"\n<p>El presidente de M\u00e9xico, Andr\u00e9s Manuel L\u00f3pez Obrador, dijo este martes, a pocos d\u00edas de que se cumplan cien d\u00edas de mandato, estar &#8220;al cien&#8221; y &#8220;bateando arriba de 300&#8221;, respondiendo a los rumores sobre un deteriorado estado de salud.<\/p>\n\n\n\n<p>&#8220;Estoy al cien, al cien. No he podido estar con el m\u00e9dico pero estoy bateando arriba de 300, todav\u00eda&#8221;, apunt\u00f3 el mandatario en referencia a una de sus mayores aficiones, el b\u00e9isbol.<\/p>\n\n\n\n<p>En la conferencia matutina desde Palacio Nacional, el tambi\u00e9n l\u00edder de Movimiento Regeneraci\u00f3n Nacional (Morena) afirm\u00f3 que a casi cien d\u00edas de mandato, tras asumir la Presidencia el 1 de diciembre, ve a la gente &#8220;muy esperanzada&#8221;.<\/p>\n\n\n\n<p>&#8220;No les vamos a fallar a los mexicanos. Va a seguir la gente contenta como hasta ahora y muy orgullosa de su gobierno&#8221;, asever\u00f3 el jefe del Ejecutivo.<\/p>\n\n\n\n<p>A sus 65 a\u00f1os, L\u00f3pez Obrador, que de joven jugaba de jardinero central, se le ve a veces en ligas de veteranos en las que suele pregonar su buen rendimiento ofensivo.<\/p>\n\n\n\n<p>&#8220;Es tanto mi afecto que todav\u00eda lo juego y estoy bateando por encima de .300, as\u00ed como me ven. Tengo un dedo torcido de cuando era jardinero central; ten\u00eda buen brazo, cubr\u00eda mucho terreno; sali\u00f3 una l\u00ednea, la cog\u00ed pero qued\u00e9 con el brazo debajo del cuerpo&#8221;, afirm\u00f3 el pasado 20 de febrero al inaugurar el Sal\u00f3n de la fama del b\u00e9isbol en Monterrey.<\/p>\n\n\n\n<p>En otros asuntos, el mandatario asegur\u00f3 este martes que el Ejecutivo trabaja con mucha &#8220;responsabilidad&#8221; y &#8220;armon\u00eda&#8221; a casi cien d\u00edas del inicio del mandato.<\/p>\n\n\n\n<p>Tambi\u00e9n asegur\u00f3 que se est\u00e1 evaluando la manera de dar m\u00e1s &#8220;facilidades&#8221; a los mexicanos residentes en Estados Unidos para que puedan invertir en M\u00e9xico. &#8220;Si lo hacen los extranjeros, por qu\u00e9 no los mexicanos&#8221;, reiter\u00f3.<\/p>\n\n\n\n<p>Adem\u00e1s, asegur\u00f3 que expondr\u00e1 p\u00fablicamente a las empresas que forman parte del programa &#8220;J\u00f3venes construyendo el futuro&#8221; y que, seg\u00fan han denunciado algunas personas, piden a sus aprendices pagar por ciertos servicios.<\/p>\n\n\n\n<p>&#8220;J\u00f3venes Construyendo el Futuro&#8221;, uno de los principales programa sociales del l\u00edder izquierdista, busca capacitar en empresas, negocios y talleres y en calidad de aprendices a 2,3 millones de personas de entre 18 y 29 a\u00f1os, recibiendo un salario de 3.600 pesos (unos 190 d\u00f3lares) mensuales.<\/p>\n\n\n\n<p>&#8220;Si tenemos pruebas suficientes, daremos a conocer el nombre de estas empresas&#8221;, apunt\u00f3.<\/p>\n","protected":false},"excerpt":{"rendered":"<p>El presidente de M\u00e9xico, Andr\u00e9s Manuel L\u00f3pez Obrador, dijo este martes, a pocos d\u00edas de que se cumplan cien d\u00edas de mandato, estar &#8220;al cien&#8221; y &#8220;bateando arriba de 300&#8221;, respondiendo a los rumores sobre un deteriorado estado de salud. &#8220;Estoy al cien, al cien. No he podido estar con el m\u00e9dico pero estoy bateando [&hellip;]<\/p>\n","protected":false},"author":1,"featured_media":857,"comment_status":"open","ping_status":"open","sticky":true,"template":"","format":"standard","meta":{"footnotes":""},"categories":[2,3],"tags":[],"_links":{"self":[{"href":"https:\/\/diariodigitalmx.com\/index.php\/wp-json\/wp\/v2\/posts\/856"}],"collection":[{"href":"https:\/\/diariodigitalmx.com\/index.php\/wp-json\/wp\/v2\/posts"}],"about":[{"href":"https:\/\/diariodigitalmx.com\/index.php\/wp-json\/wp\/v2\/types\/post"}],"author":[{"embeddable":true,"href":"https:\/\/diariodigitalmx.com\/index.php\/wp-json\/wp\/v2\/users\/1"}],"replies":[{"embeddable":true,"href":"https:\/\/diariodigitalmx.com\/index.php\/wp-json\/wp\/v2\/comments?post=856"}],"version-history":[{"count":1,"href":"https:\/\/diariodigitalmx.com\/index.php\/wp-json\/wp\/v2\/posts\/856\/revisions"}],"predecessor-version":[{"id":858,"href":"https:\/\/diariodigitalmx.com\/index.php\/wp-json\/wp\/v2\/posts\/856\/revisions\/858"}],"wp:featuredmedia":[{"embeddable":true,"href":"https:\/\/diariodigitalmx.com\/index.php\/wp-json\/wp\/v2\/media\/857"}],"wp:attachment":[{"href":"https:\/\/diariodigitalmx.com\/index.php\/wp-json\/wp\/v2\/media?parent=856"}],"wp:term":[{"taxonomy":"category","embeddable":true,"href":"https:\/\/diariodigitalmx.com\/index.php\/wp-json\/wp\/v2\/categories?post=856"},{"taxonomy":"post_tag","embeddable":true,"href":"https:\/\/diariodigitalmx.com\/index.php\/wp-json\/wp\/v2\/tags?post=856"}],"curies":[{"name":"wp","href":"https:\/\/api.w.org\/{rel}","templated":true}]}}