{"id":8565,"date":"2019-07-21T17:48:56","date_gmt":"2019-07-21T22:48:56","guid":{"rendered":"http:\/\/diariodigitalmx.com\/?p=8565"},"modified":"2019-07-21T17:50:58","modified_gmt":"2019-07-21T22:50:58","slug":"entrenan-cientos-de-corredores-en-via-deportiva-monterrey","status":"publish","type":"post","link":"https:\/\/diariodigitalmx.com\/index.php\/2019\/07\/21\/entrenan-cientos-de-corredores-en-via-deportiva-monterrey\/","title":{"rendered":"Entrenan cientos de corredores en V\u00eda Deportiva Monterrey"},"content":{"rendered":"\n<p>M\u00e1s de mil 500 corredores se dieron cita en la V\u00eda Deportiva Monterrey en el primero domingo de entrenamiento rumbo a la Carrera Monterrey Powerade 2019, esto luego de convenio firmado entre los organizadores de la carrera y el Municipio de Monterrey.<br><\/p>\n\n\n\n<p> Desde las 6:00 horas comenzaron a llegar los deportistas al punto de reuni\u00f3n en el multimodal frente al Palacio Municipal, donde comenzaron la rutina de calentamiento apoyados por un par de entrenadores.<\/p>\n\n\n\n<p><br><\/p>\n\n\n\n<figure class=\"wp-block-image\"><img loading=\"lazy\" decoding=\"async\" width=\"1024\" height=\"768\" src=\"http:\/\/diariodigitalmx.com\/wp-content\/uploads\/2019\/07\/VIA-DEPORTIVA-2-1024x768.jpeg\" alt=\"\" class=\"wp-image-8569\" srcset=\"https:\/\/diariodigitalmx.com\/wp-content\/uploads\/2019\/07\/VIA-DEPORTIVA-2-1024x768.jpeg 1024w, https:\/\/diariodigitalmx.com\/wp-content\/uploads\/2019\/07\/VIA-DEPORTIVA-2-300x225.jpeg 300w, https:\/\/diariodigitalmx.com\/wp-content\/uploads\/2019\/07\/VIA-DEPORTIVA-2-768x576.jpeg 768w, https:\/\/diariodigitalmx.com\/wp-content\/uploads\/2019\/07\/VIA-DEPORTIVA-2.jpeg 1280w\" sizes=\"(max-width: 1024px) 100vw, 1024px\" \/><\/figure>\n\n\n\n<p> En punto de las 6:45 horas los corredores tomaron la V\u00eda Deportiva Monterrey por el acceso que se encuentra frente al Palacio de Monterrey y fue as\u00ed como convivieron durante estos 16.5 kil\u00f3metros con patinadores y ciclistas que acuden a la v\u00eda cada domingo.<\/p>\n\n\n\n<p><br><\/p>\n\n\n\n<figure class=\"wp-block-image\"><img loading=\"lazy\" decoding=\"async\" width=\"1024\" height=\"768\" src=\"http:\/\/diariodigitalmx.com\/wp-content\/uploads\/2019\/07\/VIA-DEPORTIVA-11-1024x768.jpeg\" alt=\"\" class=\"wp-image-8571\" srcset=\"https:\/\/diariodigitalmx.com\/wp-content\/uploads\/2019\/07\/VIA-DEPORTIVA-11-1024x768.jpeg 1024w, https:\/\/diariodigitalmx.com\/wp-content\/uploads\/2019\/07\/VIA-DEPORTIVA-11-300x225.jpeg 300w, https:\/\/diariodigitalmx.com\/wp-content\/uploads\/2019\/07\/VIA-DEPORTIVA-11-768x576.jpeg 768w, https:\/\/diariodigitalmx.com\/wp-content\/uploads\/2019\/07\/VIA-DEPORTIVA-11.jpeg 1280w\" sizes=\"(max-width: 1024px) 100vw, 1024px\" \/><\/figure>\n\n\n\n<p>Cerca de las 8 de la ma\u00f1ana concluyeron su rutina y se mostraron complacidos por el espacio que se dise\u00f1\u00f3 para que los atletas puedan practicar su deporte como es trotar, correr, ciclismo, patinaje, todos \u00e9stos deportes en modalidades de amateur y de alto rendimiento.<br><\/p>\n\n\n\n<p>Los participantes pidieron a la comunidad sumarse a esta oportunidad, que acudan a ejercitarse por salud y para que se mantenga este proyecto.<\/p>\n\n\n\n<p><br><\/p>\n\n\n\n<figure class=\"wp-block-image\"><img loading=\"lazy\" decoding=\"async\" width=\"1024\" height=\"768\" src=\"http:\/\/diariodigitalmx.com\/wp-content\/uploads\/2019\/07\/VIA-DEPORTIVA-6-1024x768.jpeg\" alt=\"\" class=\"wp-image-8573\" srcset=\"https:\/\/diariodigitalmx.com\/wp-content\/uploads\/2019\/07\/VIA-DEPORTIVA-6-1024x768.jpeg 1024w, https:\/\/diariodigitalmx.com\/wp-content\/uploads\/2019\/07\/VIA-DEPORTIVA-6-300x225.jpeg 300w, https:\/\/diariodigitalmx.com\/wp-content\/uploads\/2019\/07\/VIA-DEPORTIVA-6-768x576.jpeg 768w, https:\/\/diariodigitalmx.com\/wp-content\/uploads\/2019\/07\/VIA-DEPORTIVA-6.jpeg 1280w\" sizes=\"(max-width: 1024px) 100vw, 1024px\" \/><\/figure>\n\n\n\n<p>Luego de terminar su entrenamiento, se concentraron en la planta baja del Palacio Municipal, donde el presidente de Clubes de Corredores, Edilberto Gonz\u00e1lez Serna y el director de deportes del Municipio de Monterrey, Salvador Flores Trevi\u00f1o, agradecieron su participaci\u00f3n de los asistentes y despu\u00e9s continuaron con la charla t\u00e9cnica ofrecida por Rub\u00e9n Romero.<br><\/p>\n\n\n\n<p> Con el convenio de colaboraci\u00f3n firmado el pasado 17 de julio entre el Alcalde de Monterrey, Adri\u00e1n de la Garza y el representante del Marat\u00f3n Powerade, Edilberto Gonz\u00e1lez Serna, se espera que el n\u00famero de corredores se incremente &nbsp;en este circuito deportivo que opera todos los domingos desde las 6:30 horas, en los carriles expr\u00e9s de las avenidas Constituci\u00f3n y Morones Prieto desde Revoluci\u00f3n hasta Gonzalitos.<\/p>\n","protected":false},"excerpt":{"rendered":"<p>M\u00e1s de mil 500 corredores se dieron cita en la V\u00eda Deportiva Monterrey en el primero domingo de entrenamiento rumbo a la Carrera Monterrey Powerade 2019, esto luego de convenio firmado entre los organizadores de la carrera y el Municipio de Monterrey. Desde las 6:00 horas comenzaron a llegar los deportistas al punto de reuni\u00f3n [&hellip;]<\/p>\n","protected":false},"author":1,"featured_media":8567,"comment_status":"open","ping_status":"open","sticky":true,"template":"","format":"standard","meta":{"footnotes":""},"categories":[8],"tags":[],"_links":{"self":[{"href":"https:\/\/diariodigitalmx.com\/index.php\/wp-json\/wp\/v2\/posts\/8565"}],"collection":[{"href":"https:\/\/diariodigitalmx.com\/index.php\/wp-json\/wp\/v2\/posts"}],"about":[{"href":"https:\/\/diariodigitalmx.com\/index.php\/wp-json\/wp\/v2\/types\/post"}],"author":[{"embeddable":true,"href":"https:\/\/diariodigitalmx.com\/index.php\/wp-json\/wp\/v2\/users\/1"}],"replies":[{"embeddable":true,"href":"https:\/\/diariodigitalmx.com\/index.php\/wp-json\/wp\/v2\/comments?post=8565"}],"version-history":[{"count":5,"href":"https:\/\/diariodigitalmx.com\/index.php\/wp-json\/wp\/v2\/posts\/8565\/revisions"}],"predecessor-version":[{"id":8574,"href":"https:\/\/diariodigitalmx.com\/index.php\/wp-json\/wp\/v2\/posts\/8565\/revisions\/8574"}],"wp:featuredmedia":[{"embeddable":true,"href":"https:\/\/diariodigitalmx.com\/index.php\/wp-json\/wp\/v2\/media\/8567"}],"wp:attachment":[{"href":"https:\/\/diariodigitalmx.com\/index.php\/wp-json\/wp\/v2\/media?parent=8565"}],"wp:term":[{"taxonomy":"category","embeddable":true,"href":"https:\/\/diariodigitalmx.com\/index.php\/wp-json\/wp\/v2\/categories?post=8565"},{"taxonomy":"post_tag","embeddable":true,"href":"https:\/\/diariodigitalmx.com\/index.php\/wp-json\/wp\/v2\/tags?post=8565"}],"curies":[{"name":"wp","href":"https:\/\/api.w.org\/{rel}","templated":true}]}}