{"id":8575,"date":"2019-07-21T18:41:58","date_gmt":"2019-07-21T23:41:58","guid":{"rendered":"http:\/\/diariodigitalmx.com\/?p=8575"},"modified":"2019-07-21T18:49:17","modified_gmt":"2019-07-21T23:49:17","slug":"prioridad-al-medio-ambiente-en-municipio-de-guadalupe-asume-reto-gobierno-de-cristina-diaz","status":"publish","type":"post","link":"https:\/\/diariodigitalmx.com\/index.php\/2019\/07\/21\/prioridad-al-medio-ambiente-en-municipio-de-guadalupe-asume-reto-gobierno-de-cristina-diaz\/","title":{"rendered":"Prioridad al medio ambiente en Municipio de Guadalupe; asume reto gobierno de Cristina D\u00edaz"},"content":{"rendered":"\n<p>*Se une a Fundaci\u00f3n Azteca a la campa\u00f1a &#8220;Un nuevo bosque&#8221;<\/p>\n\n\n\n<p>*Urge crear conciencia en materia ambiental: Homero Mart\u00ednez<\/p>\n\n\n\n<figure class=\"wp-block-image\"><img loading=\"lazy\" decoding=\"async\" width=\"768\" height=\"1024\" src=\"http:\/\/diariodigitalmx.com\/wp-content\/uploads\/2019\/07\/FB_IMG_1563750950695-768x1024.jpg\" alt=\"\" class=\"wp-image-8579\" srcset=\"https:\/\/diariodigitalmx.com\/wp-content\/uploads\/2019\/07\/FB_IMG_1563750950695-768x1024.jpg 768w, https:\/\/diariodigitalmx.com\/wp-content\/uploads\/2019\/07\/FB_IMG_1563750950695-225x300.jpg 225w, https:\/\/diariodigitalmx.com\/wp-content\/uploads\/2019\/07\/FB_IMG_1563750950695.jpg 960w\" sizes=\"(max-width: 768px) 100vw, 768px\" \/><\/figure>\n\n\n\n<p>El Ayuntamiento de Guadalupe refrend\u00f3 la convicci\u00f3n de mantener la defensa permanente del medio ambiente y ofrecer mejorar calidad de vida mediante acciones diversas entre ellas la siembra de \u00e1rboles.<br><\/p>\n\n\n\n<p>De esta forma, el secretario del Ayuntamiento, Homero Mart\u00ednez Ilizaliturri, \u00a0particip\u00f3 en el evento Un Nuevo Bosque, \u00a0que impulsa Fundaci\u00f3n Azteca y TV Azteca y que permite reforestar y recuperar miles de hect\u00e1reas para contribuir al medio ambiente.<\/p>\n\n\n\n<p><br><\/p>\n\n\n\n<figure class=\"wp-block-image\"><img loading=\"lazy\" decoding=\"async\" width=\"1024\" height=\"768\" src=\"http:\/\/diariodigitalmx.com\/wp-content\/uploads\/2019\/07\/FB_IMG_1563752813319-1024x768.jpg\" alt=\"\" class=\"wp-image-8589\" srcset=\"https:\/\/diariodigitalmx.com\/wp-content\/uploads\/2019\/07\/FB_IMG_1563752813319-1024x768.jpg 1024w, https:\/\/diariodigitalmx.com\/wp-content\/uploads\/2019\/07\/FB_IMG_1563752813319-300x225.jpg 300w, https:\/\/diariodigitalmx.com\/wp-content\/uploads\/2019\/07\/FB_IMG_1563752813319-768x576.jpg 768w, https:\/\/diariodigitalmx.com\/wp-content\/uploads\/2019\/07\/FB_IMG_1563752813319.jpg 1280w\" sizes=\"(max-width: 1024px) 100vw, 1024px\" \/><\/figure>\n\n\n\n<p>Ante directivos de la Fundaci\u00f3n Azteca y de TV Azteca como la conductora Leticia Benavides, el secretario del Ayuntamiento reiter\u00f3 que la administraci\u00f3n Municipal que preside la alcaldesa Cristina D\u00edaz Salazar participa con entusiasmo y convicci\u00f3n, adem\u00e1s de tener &nbsp;el compromiso de establecer pol\u00edticas p\u00fablicas que conserven, mejoren y mantengan nuestros recursos naturales a fin de mejorar la calidad de vida de la poblaci\u00f3n.<\/p>\n\n\n\n<p><br><\/p>\n\n\n\n<figure class=\"wp-block-image\"><img loading=\"lazy\" decoding=\"async\" width=\"1024\" height=\"768\" src=\"http:\/\/diariodigitalmx.com\/wp-content\/uploads\/2019\/07\/IMG-20190721-WA00642-1024x768.jpg\" alt=\"\" class=\"wp-image-8582\" srcset=\"https:\/\/diariodigitalmx.com\/wp-content\/uploads\/2019\/07\/IMG-20190721-WA00642-1024x768.jpg 1024w, https:\/\/diariodigitalmx.com\/wp-content\/uploads\/2019\/07\/IMG-20190721-WA00642-300x225.jpg 300w, https:\/\/diariodigitalmx.com\/wp-content\/uploads\/2019\/07\/IMG-20190721-WA00642-768x576.jpg 768w, https:\/\/diariodigitalmx.com\/wp-content\/uploads\/2019\/07\/IMG-20190721-WA00642.jpg 1280w\" sizes=\"(max-width: 1024px) 100vw, 1024px\" \/><\/figure>\n\n\n\n<p>&#8220;Ante estos retos, el Municipio de Guadalupe a trav\u00e9s de la Secretar\u00eda de Control y Sustentabilidad Urbana, la Direcci\u00f3n de Ecolog\u00eda y la Secretar\u00eda de Servicios P\u00fablicos, nos unimos a Fundaci\u00f3n Azteca para apoyar la campa\u00f1a &#8220;Un Nuevo Bosque&#8221;, a fin de sensibilizar a nuestra comunidad en el cuidado e importancia de los \u00e1rboles y su correlaci\u00f3n con la calidad del aire y el cuidado ambiental&#8221;, dijo Homero Mart\u00ednez.<br><\/p>\n\n\n\n<p>&#8220;Aqu\u00ed en Guadalupe, es prioridad el cuidado del medio ambiente, se impulsa el crecimiento econ\u00f3mico, con fuentes de empleo no contaminantes, que cumplan con los est\u00e1ndares de calidad ambiental&#8221;, expuso.<\/p>\n\n\n\n<p><br><\/p>\n\n\n\n<figure class=\"wp-block-image\"><img loading=\"lazy\" decoding=\"async\" width=\"1024\" height=\"768\" src=\"http:\/\/diariodigitalmx.com\/wp-content\/uploads\/2019\/07\/IMG-20190721-WA00652-1024x768.jpg\" alt=\"\" class=\"wp-image-8585\" srcset=\"https:\/\/diariodigitalmx.com\/wp-content\/uploads\/2019\/07\/IMG-20190721-WA00652-1024x768.jpg 1024w, https:\/\/diariodigitalmx.com\/wp-content\/uploads\/2019\/07\/IMG-20190721-WA00652-300x225.jpg 300w, https:\/\/diariodigitalmx.com\/wp-content\/uploads\/2019\/07\/IMG-20190721-WA00652-768x576.jpg 768w, https:\/\/diariodigitalmx.com\/wp-content\/uploads\/2019\/07\/IMG-20190721-WA00652.jpg 1280w\" sizes=\"(max-width: 1024px) 100vw, 1024px\" \/><\/figure>\n\n\n\n<p>&#8220;El gobierno municipal de Cristina D\u00edaz Salazar valora el esfuerzo de los guadalupenses y de quienes contribuyen a mejorar el entorno en que habitamos&#8221;. <\/p>\n\n\n\n<p>&nbsp;&#8220;Reconocemos el trabajo que realiza Fundaci\u00f3n Azteca de Grupo Salinas, as\u00ed como la Comisi\u00f3n Nacional Forestal, a trav\u00e9s de la Campa\u00f1a \u201cNuevo Bosque\u201d, donde participan T\u00e9cnicos especialistas de la Conafor, empresas y personal del Grupo Salinas&#8221;, enfatiz\u00f3 el funcionario que sembr\u00f3 un \u00e1rbol en el evento celebrado en &nbsp;las calles R\u00edo la Silla y Valle del Vergel frente al r\u00edo La Silla.<br><\/p>\n\n\n\n<p>TV Azteca en conjunto con la CONAFOR y el sector p\u00fablico, han recuperado miles de hect\u00e1reas y sembrado m\u00e1s de cinco millones de \u00e1rboles en estas jornadas nacionales de reforestaci\u00f3n.<\/p>\n\n\n\n<p><br><\/p>\n\n\n\n<figure class=\"wp-block-image\"><img loading=\"lazy\" decoding=\"async\" width=\"1024\" height=\"768\" src=\"http:\/\/diariodigitalmx.com\/wp-content\/uploads\/2019\/07\/FB_IMG_1563752820789-1024x768.jpg\" alt=\"\" class=\"wp-image-8587\" srcset=\"https:\/\/diariodigitalmx.com\/wp-content\/uploads\/2019\/07\/FB_IMG_1563752820789-1024x768.jpg 1024w, https:\/\/diariodigitalmx.com\/wp-content\/uploads\/2019\/07\/FB_IMG_1563752820789-300x225.jpg 300w, https:\/\/diariodigitalmx.com\/wp-content\/uploads\/2019\/07\/FB_IMG_1563752820789-768x576.jpg 768w, https:\/\/diariodigitalmx.com\/wp-content\/uploads\/2019\/07\/FB_IMG_1563752820789.jpg 1280w\" sizes=\"(max-width: 1024px) 100vw, 1024px\" \/><\/figure>\n\n\n\n<p>Mart\u00ednez aplaudi\u00f3 que se &nbsp;involucre a ni\u00f1os, adultos, organismos y asociaciones para apoyar al medio ambiente, plantando \u00e1rboles; ayudando de esa forma a la conservaci\u00f3n y restauraci\u00f3n de los ecosistemas forestales.<br><\/p>\n\n\n\n<p>Finalmente recalc\u00f3 que el gobierno de &nbsp;la Alcaldesa Cristina D\u00edaz asume el compromiso y le apuesta al desarrollo sostenible <br><\/p>\n\n\n\n<p>En nuestras manos est\u00e1 asegurar el futuro de las generaciones venideras, las de nuestros hijos y nietos. Sembremos \u00e1rboles, reforestemos, hagamos &nbsp;que las actividades ecol\u00f3gicas se conviertan en situaciones cotidianas de nuestra vida, apunt\u00f3.<\/p>\n\n\n\n<p><\/p>\n","protected":false},"excerpt":{"rendered":"<p>*Se une a Fundaci\u00f3n Azteca a la campa\u00f1a &#8220;Un nuevo bosque&#8221; *Urge crear conciencia en materia ambiental: Homero Mart\u00ednez El Ayuntamiento de Guadalupe refrend\u00f3 la convicci\u00f3n de mantener la defensa permanente del medio ambiente y ofrecer mejorar calidad de vida mediante acciones diversas entre ellas la siembra de \u00e1rboles. De esta forma, el secretario del [&hellip;]<\/p>\n","protected":false},"author":1,"featured_media":8578,"comment_status":"open","ping_status":"open","sticky":true,"template":"","format":"standard","meta":{"footnotes":""},"categories":[6],"tags":[],"_links":{"self":[{"href":"https:\/\/diariodigitalmx.com\/index.php\/wp-json\/wp\/v2\/posts\/8575"}],"collection":[{"href":"https:\/\/diariodigitalmx.com\/index.php\/wp-json\/wp\/v2\/posts"}],"about":[{"href":"https:\/\/diariodigitalmx.com\/index.php\/wp-json\/wp\/v2\/types\/post"}],"author":[{"embeddable":true,"href":"https:\/\/diariodigitalmx.com\/index.php\/wp-json\/wp\/v2\/users\/1"}],"replies":[{"embeddable":true,"href":"https:\/\/diariodigitalmx.com\/index.php\/wp-json\/wp\/v2\/comments?post=8575"}],"version-history":[{"count":7,"href":"https:\/\/diariodigitalmx.com\/index.php\/wp-json\/wp\/v2\/posts\/8575\/revisions"}],"predecessor-version":[{"id":8590,"href":"https:\/\/diariodigitalmx.com\/index.php\/wp-json\/wp\/v2\/posts\/8575\/revisions\/8590"}],"wp:featuredmedia":[{"embeddable":true,"href":"https:\/\/diariodigitalmx.com\/index.php\/wp-json\/wp\/v2\/media\/8578"}],"wp:attachment":[{"href":"https:\/\/diariodigitalmx.com\/index.php\/wp-json\/wp\/v2\/media?parent=8575"}],"wp:term":[{"taxonomy":"category","embeddable":true,"href":"https:\/\/diariodigitalmx.com\/index.php\/wp-json\/wp\/v2\/categories?post=8575"},{"taxonomy":"post_tag","embeddable":true,"href":"https:\/\/diariodigitalmx.com\/index.php\/wp-json\/wp\/v2\/tags?post=8575"}],"curies":[{"name":"wp","href":"https:\/\/api.w.org\/{rel}","templated":true}]}}