{"id":8595,"date":"2019-07-22T12:18:05","date_gmt":"2019-07-22T17:18:05","guid":{"rendered":"http:\/\/diariodigitalmx.com\/?p=8595"},"modified":"2019-07-22T12:18:06","modified_gmt":"2019-07-22T17:18:06","slug":"muere-el-director-general-de-la-oeia-yukiya-amano","status":"publish","type":"post","link":"https:\/\/diariodigitalmx.com\/index.php\/2019\/07\/22\/muere-el-director-general-de-la-oeia-yukiya-amano\/","title":{"rendered":"Muere el director general de la OEIA, Yukiya Amano"},"content":{"rendered":"\n<p>\n\nEl japon\u00e9s Yukiya Amano, director general del Organismo Internacional de Energ\u00eda At\u00f3mica (OIEA), ha fallecido a los 72 a\u00f1os de edad, seg\u00fan inform\u00f3 este lunes la organizaci\u00f3n.<\/p>\n\n\n\n<p>En un comunicado, el secretariado del OIEA expresa su &#8220;mayor tristeza&#8221; al comunicar la muerte del diplom\u00e1tico nip\u00f3n, que ocupaba el m\u00e1s alto cargo del organismo desde 2009.<\/p>\n\n\n\n<p>La nota no precisa la fecha exacta, ni el lugar ni las causas del fallecimiento, sino que se limita a &#8220;compartir una reciente reflexi\u00f3n&#8221; que Amano planeaba incluir en una carta a la Junta de Gobernadores del OIEA en la que iba a presentar su dimisi\u00f3n.<\/p>\n\n\n\n<p>&#8220;Durante la \u00faltima d\u00e9cada, el organismo logr\u00f3 resultados concretos para conseguir los objetivos de &#8216;\u00c1tomos para la Paz y el Desarrollo&#8217;, gracias al apoyo de los Estados miembros y la dedicaci\u00f3n del personal&#8221; del OIEA, habr\u00eda resaltado Amano en la misiva, en la que expresaba su orgullo y agradecimiento.<\/p>\n\n\n\n<p>El breve comunicado, publicado en la p\u00e1gina web de la autoridad del sistema de Naciones Unidas encargada de velar por el uso pac\u00edfico de la energ\u00eda nuclear, concluye diciendo que la bandera del OIEA ondea &#8220;a media asta&#8221;.<\/p>\n\n\n\n<p>La semana pasada, fuentes diplom\u00e1ticas hab\u00edan adelantado a Efe en Viena, en condici\u00f3n de anonimato, que Amano ten\u00eda previsto comunicar hoy a la Junta de Gobernadores su decisi\u00f3n de dimitir en marzo de 2020.<\/p>\n\n\n\n<p>En la capital austr\u00edaca se especulaba ya que la intenci\u00f3n de Amano de acortar su tercer mandato, que hubiese terminado en noviembre de 2021, estaba relacionada con problemas de salud.<\/p>\n\n\n\n<p>Desde hace un a\u00f1o su estado f\u00edsico hab\u00eda empeorado visiblemente, por una enfermedad de la que no se inform\u00f3 p\u00fablicamente y que le alej\u00f3 durante meses de la secretar\u00eda general del organismo\n\n<\/p>\n","protected":false},"excerpt":{"rendered":"<p>El japon\u00e9s Yukiya Amano, director general del Organismo Internacional de Energ\u00eda At\u00f3mica (OIEA), ha fallecido a los 72 a\u00f1os de edad, seg\u00fan inform\u00f3 este lunes la organizaci\u00f3n. En un comunicado, el secretariado del OIEA expresa su &#8220;mayor tristeza&#8221; al comunicar la muerte del diplom\u00e1tico nip\u00f3n, que ocupaba el m\u00e1s alto cargo del organismo desde 2009. [&hellip;]<\/p>\n","protected":false},"author":1,"featured_media":8597,"comment_status":"open","ping_status":"open","sticky":true,"template":"","format":"standard","meta":{"footnotes":""},"categories":[4],"tags":[],"_links":{"self":[{"href":"https:\/\/diariodigitalmx.com\/index.php\/wp-json\/wp\/v2\/posts\/8595"}],"collection":[{"href":"https:\/\/diariodigitalmx.com\/index.php\/wp-json\/wp\/v2\/posts"}],"about":[{"href":"https:\/\/diariodigitalmx.com\/index.php\/wp-json\/wp\/v2\/types\/post"}],"author":[{"embeddable":true,"href":"https:\/\/diariodigitalmx.com\/index.php\/wp-json\/wp\/v2\/users\/1"}],"replies":[{"embeddable":true,"href":"https:\/\/diariodigitalmx.com\/index.php\/wp-json\/wp\/v2\/comments?post=8595"}],"version-history":[{"count":1,"href":"https:\/\/diariodigitalmx.com\/index.php\/wp-json\/wp\/v2\/posts\/8595\/revisions"}],"predecessor-version":[{"id":8596,"href":"https:\/\/diariodigitalmx.com\/index.php\/wp-json\/wp\/v2\/posts\/8595\/revisions\/8596"}],"wp:featuredmedia":[{"embeddable":true,"href":"https:\/\/diariodigitalmx.com\/index.php\/wp-json\/wp\/v2\/media\/8597"}],"wp:attachment":[{"href":"https:\/\/diariodigitalmx.com\/index.php\/wp-json\/wp\/v2\/media?parent=8595"}],"wp:term":[{"taxonomy":"category","embeddable":true,"href":"https:\/\/diariodigitalmx.com\/index.php\/wp-json\/wp\/v2\/categories?post=8595"},{"taxonomy":"post_tag","embeddable":true,"href":"https:\/\/diariodigitalmx.com\/index.php\/wp-json\/wp\/v2\/tags?post=8595"}],"curies":[{"name":"wp","href":"https:\/\/api.w.org\/{rel}","templated":true}]}}