{"id":8629,"date":"2019-07-22T21:28:50","date_gmt":"2019-07-23T02:28:50","guid":{"rendered":"http:\/\/diariodigitalmx.com\/?p=8629"},"modified":"2019-07-22T21:28:51","modified_gmt":"2019-07-23T02:28:51","slug":"segun-gobierno-de-nl-capturo-cuatro-capos-pero-oculta-nombres-y-hechos","status":"publish","type":"post","link":"https:\/\/diariodigitalmx.com\/index.php\/2019\/07\/22\/segun-gobierno-de-nl-capturo-cuatro-capos-pero-oculta-nombres-y-hechos\/","title":{"rendered":"Seg\u00fan Gobierno de NL captur\u00f3 cuatro capos, pero oculta nombres y hechos"},"content":{"rendered":"\n<p>Monterrey, N. L- &nbsp;De acuerdo al gobierno de Nuevo Le\u00f3n, aqu\u00ed fueron capturados cuatro presuntos l\u00edderes de la delincuencia organizada en sinergia con los estados de Tamaulipas y Coahuila.<br><\/p>\n\n\n\n<p>El secretario general de Gobierno, Manuel Gonz\u00e1lez, dice que la detenci\u00f3n se dio entre la colaboraci\u00f3n de Coahuila y Tamaulipas y se estima que son 12 los delincuentes buscados por las autoridades, pero no da detalles ni informes al respecto.<br><\/p>\n\n\n\n<p>&#8220;Hubo cuatro detenciones en Nuevo Le\u00f3n de personajes que ten\u00edan que ver, no precisamente como jefes de los c\u00e1rteles en Nuevo Le\u00f3n, sino en Coahuila y en Tamaulipas y un jefe de Piedras Negras&#8221;.<br><\/p>\n\n\n\n<p>El funcionario no detalles acerca de qui\u00e9nes fueron los detenidos, en qu\u00e9 lugar acerca &nbsp;del operativo para llevar a cabo la captura.<br><\/p>\n\n\n\n<p>Manuel Gonz\u00e1lez explic\u00f3 que en los pr\u00f3ximos d\u00edas el General C\u00e9sar G\u00f3mez, de la S\u00e9ptima Zona Miliar, dirigir\u00e1 las reuniones de seguridad entre los Estados de Nuevo Le\u00f3n, Coahuila y Tamaulipas.<br><\/p>\n\n\n\n<p>&#8220;Se sigue detr\u00e1s de todos. Las brechas y las carreteras del norte han sido copadas por el Ej\u00e9rcito de los tres estados. Creemos que el dispositivo es muy bueno a nivel estatal&#8221;.<br><\/p>\n\n\n\n<p>Los municipios del norte y oriente de Nuevo Le\u00f3n colindan con Tamaulipas y una parte del norte con Coahuila.<br><\/p>\n\n\n\n<p>Las carreteras estatales de Nuevo Le\u00f3n mantienen los riesgos latentes de asaltos y secuestros y fuera de la zona metropolitana Regiomontana cientos de brechas y monte permiten el libre tr\u00e1nsito de grupos diversos.<\/p>\n\n\n\n<p><\/p>\n\n\n\n<p><\/p>\n\n\n\n<p><\/p>\n\n\n\n<p><\/p>\n","protected":false},"excerpt":{"rendered":"<p>Monterrey, N. L- &nbsp;De acuerdo al gobierno de Nuevo Le\u00f3n, aqu\u00ed fueron capturados cuatro presuntos l\u00edderes de la delincuencia organizada en sinergia con los estados de Tamaulipas y Coahuila. El secretario general de Gobierno, Manuel Gonz\u00e1lez, dice que la detenci\u00f3n se dio entre la colaboraci\u00f3n de Coahuila y Tamaulipas y se estima que son 12 [&hellip;]<\/p>\n","protected":false},"author":1,"featured_media":8631,"comment_status":"open","ping_status":"open","sticky":true,"template":"","format":"standard","meta":{"footnotes":""},"categories":[6],"tags":[],"_links":{"self":[{"href":"https:\/\/diariodigitalmx.com\/index.php\/wp-json\/wp\/v2\/posts\/8629"}],"collection":[{"href":"https:\/\/diariodigitalmx.com\/index.php\/wp-json\/wp\/v2\/posts"}],"about":[{"href":"https:\/\/diariodigitalmx.com\/index.php\/wp-json\/wp\/v2\/types\/post"}],"author":[{"embeddable":true,"href":"https:\/\/diariodigitalmx.com\/index.php\/wp-json\/wp\/v2\/users\/1"}],"replies":[{"embeddable":true,"href":"https:\/\/diariodigitalmx.com\/index.php\/wp-json\/wp\/v2\/comments?post=8629"}],"version-history":[{"count":1,"href":"https:\/\/diariodigitalmx.com\/index.php\/wp-json\/wp\/v2\/posts\/8629\/revisions"}],"predecessor-version":[{"id":8630,"href":"https:\/\/diariodigitalmx.com\/index.php\/wp-json\/wp\/v2\/posts\/8629\/revisions\/8630"}],"wp:featuredmedia":[{"embeddable":true,"href":"https:\/\/diariodigitalmx.com\/index.php\/wp-json\/wp\/v2\/media\/8631"}],"wp:attachment":[{"href":"https:\/\/diariodigitalmx.com\/index.php\/wp-json\/wp\/v2\/media?parent=8629"}],"wp:term":[{"taxonomy":"category","embeddable":true,"href":"https:\/\/diariodigitalmx.com\/index.php\/wp-json\/wp\/v2\/categories?post=8629"},{"taxonomy":"post_tag","embeddable":true,"href":"https:\/\/diariodigitalmx.com\/index.php\/wp-json\/wp\/v2\/tags?post=8629"}],"curies":[{"name":"wp","href":"https:\/\/api.w.org\/{rel}","templated":true}]}}