{"id":8638,"date":"2019-07-23T06:05:02","date_gmt":"2019-07-23T11:05:02","guid":{"rendered":"http:\/\/diariodigitalmx.com\/?p=8638"},"modified":"2019-07-23T06:05:03","modified_gmt":"2019-07-23T11:05:03","slug":"por-cierto-86","status":"publish","type":"post","link":"https:\/\/diariodigitalmx.com\/index.php\/2019\/07\/23\/por-cierto-86\/","title":{"rendered":"Por cierto&#8230;"},"content":{"rendered":"\n<p>\u00d3scar Tamez Rodr\u00edguez<\/p>\n\n\n\n<p>Sali\u00f3 el titular del Coneval, su salida responde a cr\u00edticas al gobierno del pejesidente. Vaya, no puedo cuestionar que salga por eso, pues \u00e9l debe lealtad al jefe y si no est\u00e1 de acuerdo con \u00e9l tan simple como irse, pero quieren mamar y dar tope. Es lo l\u00f3gico que AMLO quiera gobernar con los suyos, incluso, si los que est\u00e1n son antag\u00f3nicos es porque otro antes que \u00e9l puso a los suyos. En su caso lo inaceptable es la forma ruda de exhibir el golpe. Le vendr\u00eda bien asumir un papel de concordia y conciliaci\u00f3n aunque siga operando su proyecto. No es sano dejar tantos esqueletos en la roper\u00eda&#8230; Los aguaceros de ayer en el \u00e1rea metropolitana de Monterrey dejaron destrozos, cada vez son m\u00e1s frecuentes estos da\u00f1os, claro pero dir\u00e1n que no es por el cambio clim\u00e1tico&#8230; Las casas encuestadoras nos dicen con frecuencia los n\u00fameros de aceptaci\u00f3n que trae AMLO, pero ninguna ha compartido las preferencias electorales para legisladores en 2021, eso es lo relevante para el pejesidente. \u00bfSer\u00e1 capaz de negociar gubernaturas a cambio de dipus federales? Total, en el 2018 supo negociar con sus rivales, \u00bfpor qu\u00e9 hoy no?<br>Oscar Tamez Rdz.&nbsp;<a rel=\"noreferrer noopener\" href=\"http:\/\/www.estudiospoliticos.mx\/\" target=\"_blank\">www.estudiospoliticos.mx<\/a><a rel=\"noreferrer noopener\" href=\"http:\/\/facebook.com\/EstudiosPoliticos.mx\" target=\"_blank\">Facebook.com\/EstudiosPoliticos.mx<\/a>@EstudiosMx<\/p>\n\n\n\n<p><\/p>\n","protected":false},"excerpt":{"rendered":"<p>\u00d3scar Tamez Rodr\u00edguez Sali\u00f3 el titular del Coneval, su salida responde a cr\u00edticas al gobierno del pejesidente. Vaya, no puedo cuestionar que salga por eso, pues \u00e9l debe lealtad al jefe y si no est\u00e1 de acuerdo con \u00e9l tan simple como irse, pero quieren mamar y dar tope. Es lo l\u00f3gico que AMLO quiera [&hellip;]<\/p>\n","protected":false},"author":1,"featured_media":8640,"comment_status":"open","ping_status":"open","sticky":true,"template":"","format":"standard","meta":{"footnotes":""},"categories":[12],"tags":[],"_links":{"self":[{"href":"https:\/\/diariodigitalmx.com\/index.php\/wp-json\/wp\/v2\/posts\/8638"}],"collection":[{"href":"https:\/\/diariodigitalmx.com\/index.php\/wp-json\/wp\/v2\/posts"}],"about":[{"href":"https:\/\/diariodigitalmx.com\/index.php\/wp-json\/wp\/v2\/types\/post"}],"author":[{"embeddable":true,"href":"https:\/\/diariodigitalmx.com\/index.php\/wp-json\/wp\/v2\/users\/1"}],"replies":[{"embeddable":true,"href":"https:\/\/diariodigitalmx.com\/index.php\/wp-json\/wp\/v2\/comments?post=8638"}],"version-history":[{"count":2,"href":"https:\/\/diariodigitalmx.com\/index.php\/wp-json\/wp\/v2\/posts\/8638\/revisions"}],"predecessor-version":[{"id":8641,"href":"https:\/\/diariodigitalmx.com\/index.php\/wp-json\/wp\/v2\/posts\/8638\/revisions\/8641"}],"wp:featuredmedia":[{"embeddable":true,"href":"https:\/\/diariodigitalmx.com\/index.php\/wp-json\/wp\/v2\/media\/8640"}],"wp:attachment":[{"href":"https:\/\/diariodigitalmx.com\/index.php\/wp-json\/wp\/v2\/media?parent=8638"}],"wp:term":[{"taxonomy":"category","embeddable":true,"href":"https:\/\/diariodigitalmx.com\/index.php\/wp-json\/wp\/v2\/categories?post=8638"},{"taxonomy":"post_tag","embeddable":true,"href":"https:\/\/diariodigitalmx.com\/index.php\/wp-json\/wp\/v2\/tags?post=8638"}],"curies":[{"name":"wp","href":"https:\/\/api.w.org\/{rel}","templated":true}]}}