{"id":8645,"date":"2019-07-23T09:41:07","date_gmt":"2019-07-23T14:41:07","guid":{"rendered":"http:\/\/diariodigitalmx.com\/?p=8645"},"modified":"2019-07-23T09:41:08","modified_gmt":"2019-07-23T14:41:08","slug":"baja-fmi-perspectiva-de-crecimiento-para-mexico","status":"publish","type":"post","link":"https:\/\/diariodigitalmx.com\/index.php\/2019\/07\/23\/baja-fmi-perspectiva-de-crecimiento-para-mexico\/","title":{"rendered":"Baja FMI perspectiva de crecimiento para M\u00e9xico"},"content":{"rendered":"\n<p>*La revisi\u00f3n en los estimados de crecimiento para 2019 refleja las rebajas en la calificaci\u00f3n crediticia del pa\u00eds<br><\/p>\n\n\n\n<p>El Fondo Monetario Internacional (FMI) baj\u00f3 su perspectiva de crecimiento econ\u00f3mico para M\u00e9xico de 1.6%, estimado en abril, a 0.9%, de acuerdo con las Perspectivas de la Econom\u00eda Mundial que elabora el organismo.<br><\/p>\n\n\n\n<p>Dicha proyecci\u00f3n a la baja refleja las rebajas de las calificaciones crediticias de M\u00e9xico, debido a que \u201cla inversi\u00f3n sigue siendo d\u00e9bil y el consumo privado se ha desacelerado, como resultado de la incertidumbre en torno a las pol\u00edticas, el deterioro de la confianza y el aumento de los costos de endeudamiento, que podr\u00edan seguir aumentando tras la reciente rebaja de la calificaci\u00f3n soberana\u201d, explica el FMI en su comunicado.<\/p>\n\n\n\n<p><\/p>\n\n\n\n<p>Mientras que su estimaci\u00f3n de variaci\u00f3n anual del producto interno bruto (PIB) en t\u00e9rminos reales de M\u00e9xico para el pr\u00f3ximo a\u00f1o se mantiene en 1.9%<br><\/p>\n\n\n\n<p>Baja la previsi\u00f3n de crecimiento de Latinoam\u00e9rica<\/p>\n\n\n\n<p>El FMI rebaj\u00f3 hasta el 0.6% la previsi\u00f3n de crecimiento de Am\u00e9rica Latina y el Caribe en 2019, ocho d\u00e9cimas menos que en su informe del pasado mes de abril, seg\u00fan la actualizaci\u00f3n de datos que present\u00f3 este martes.<br><br><\/p>\n\n\n\n<p>El organismo multilateral calcul\u00f3 en el 2.3% el crecimiento de la regi\u00f3n para 2020, un punto porcentual menos de lo que hab\u00eda previsto en su informe previo.<br><\/p>\n\n\n\n<p>Crecimiento global bajar\u00e1<\/p>\n\n\n\n<p>La guerra comercial entre Estados Unidos y China, la incertidumbre generada por el Brexit y la tensiones que afectan al precio de la energ\u00eda reducir\u00e1n el crecimiento mundial en una d\u00e9cima este a\u00f1o, hasta el 3.2%, se\u00f1al\u00f3 el FMI.<br><\/p>\n\n\n\n<p>En el informe se rebaja en una d\u00e9cima sus proyecciones econ\u00f3micas globales no s\u00f3lo para 2019, respecto a las que realiz\u00f3 en abril, sino tambi\u00e9n para 2020, cuando la econom\u00eda mundial crecer\u00e1 un 3.5%.<br><\/p>\n\n\n\n<p>Con informaci\u00f3n de EFE<\/p>\n","protected":false},"excerpt":{"rendered":"<p>*La revisi\u00f3n en los estimados de crecimiento para 2019 refleja las rebajas en la calificaci\u00f3n crediticia del pa\u00eds El Fondo Monetario Internacional (FMI) baj\u00f3 su perspectiva de crecimiento econ\u00f3mico para M\u00e9xico de 1.6%, estimado en abril, a 0.9%, de acuerdo con las Perspectivas de la Econom\u00eda Mundial que elabora el organismo. Dicha proyecci\u00f3n a la [&hellip;]<\/p>\n","protected":false},"author":1,"featured_media":8648,"comment_status":"open","ping_status":"open","sticky":true,"template":"","format":"standard","meta":{"footnotes":""},"categories":[10],"tags":[],"_links":{"self":[{"href":"https:\/\/diariodigitalmx.com\/index.php\/wp-json\/wp\/v2\/posts\/8645"}],"collection":[{"href":"https:\/\/diariodigitalmx.com\/index.php\/wp-json\/wp\/v2\/posts"}],"about":[{"href":"https:\/\/diariodigitalmx.com\/index.php\/wp-json\/wp\/v2\/types\/post"}],"author":[{"embeddable":true,"href":"https:\/\/diariodigitalmx.com\/index.php\/wp-json\/wp\/v2\/users\/1"}],"replies":[{"embeddable":true,"href":"https:\/\/diariodigitalmx.com\/index.php\/wp-json\/wp\/v2\/comments?post=8645"}],"version-history":[{"count":2,"href":"https:\/\/diariodigitalmx.com\/index.php\/wp-json\/wp\/v2\/posts\/8645\/revisions"}],"predecessor-version":[{"id":8647,"href":"https:\/\/diariodigitalmx.com\/index.php\/wp-json\/wp\/v2\/posts\/8645\/revisions\/8647"}],"wp:featuredmedia":[{"embeddable":true,"href":"https:\/\/diariodigitalmx.com\/index.php\/wp-json\/wp\/v2\/media\/8648"}],"wp:attachment":[{"href":"https:\/\/diariodigitalmx.com\/index.php\/wp-json\/wp\/v2\/media?parent=8645"}],"wp:term":[{"taxonomy":"category","embeddable":true,"href":"https:\/\/diariodigitalmx.com\/index.php\/wp-json\/wp\/v2\/categories?post=8645"},{"taxonomy":"post_tag","embeddable":true,"href":"https:\/\/diariodigitalmx.com\/index.php\/wp-json\/wp\/v2\/tags?post=8645"}],"curies":[{"name":"wp","href":"https:\/\/api.w.org\/{rel}","templated":true}]}}