{"id":8653,"date":"2019-07-23T17:41:39","date_gmt":"2019-07-23T22:41:39","guid":{"rendered":"http:\/\/diariodigitalmx.com\/?p=8653"},"modified":"2019-07-23T17:41:40","modified_gmt":"2019-07-23T22:41:40","slug":"perdon-de-amlo-al-prian-no-gusto-y-tuvo-que-ir-contra-deschamps-samuel-garcia","status":"publish","type":"post","link":"https:\/\/diariodigitalmx.com\/index.php\/2019\/07\/23\/perdon-de-amlo-al-prian-no-gusto-y-tuvo-que-ir-contra-deschamps-samuel-garcia\/","title":{"rendered":"Perd\u00f3n de AMLO al PRIAN no gust\u00f3 y tuvo que ir contra Deschamps: Samuel Garc\u00eda"},"content":{"rendered":"\n<p>Pedro Garc\u00eda Trevi\u00f1o<\/p>\n\n\n\n<p><br><\/p>\n\n\n\n<p>El senador Samuel Garc\u00eda puntualiz\u00f3 que el perd\u00f3n que otorg\u00f3 el presidente L\u00f3pez Obrador al PRI y al PAN \u201cno le gust\u00f3 a la gente. Le cost\u00f3, y hoy rectifica con hechos, al estar Hacienda encima de Romero Deschamps.\u201d<\/p>\n\n\n\n<p>La acci\u00f3n judicial contra el l\u00edder petrolero y familiares debiera ser una costumbre en el combate a la corrupci\u00f3n y no como una estrategia del Presidente L\u00f3pez Obrador para frenar la ca\u00edda en su imagen p\u00fablica, como ocurre actualmente, se\u00f1al\u00f3 por su parte el diputado federal V\u00edctor P\u00e9rez.<\/p>\n\n\n\n<p>El senador Samuel Garc\u00eda consider\u00f3 positiva la denuncia penal contra el dirigente del Sindicato de Pemex, Carlos Romero Deschamps aunque no se explica porque no actu\u00f3 la Fiscal\u00eda General de la Rep\u00fablica.<\/p>\n\n\n\n<p>Agreg\u00f3 que hay cuatro carpetas contra el l\u00edder. Hab\u00eda tres previas, pero quedaron \u201ccongeladas\u201d en la \u00e9poca de la ex PGR.<\/p>\n\n\n\n<p>Nosotros, agreg\u00f3, interpusimos la cuarta denuncia documentada con los cargos de cohecho, enriquecimiento il\u00edcito, lavado de dinero, entre otros, que suman siete se\u00f1alamientos de conductas delictivas por parte de Romero Deschamps, incluido el nepotismo.<\/p>\n\n\n\n<p>Hay mucho que investigarle a Romero Deschamps. Entonces, que se le ajusticie con carpetas de investigaci\u00f3n y el dirigente ya no va a ser el mismo que era hace dos a\u00f1os, afirm\u00f3 el senador Samuel Garc\u00eda.<\/p>\n\n\n\n<p>De acuerdo con despachos noticiosos, la Unidad de Inteligencia Financiera habr\u00eda presentado ante la Fiscal\u00eda General de la Rep\u00fablica dos denuncias contra Romero Deschamps y seis de sus familiares por enriquecimiento il\u00edcito y lavado de dinero, especie que tuvo resonancia en medios de la prensa escrita y radiof\u00f3nicos del pa\u00eds.<\/p>\n\n\n\n<p>El diputado federal V\u00edctor P\u00e9rez demand\u00f3 que la acci\u00f3n judicial contra presuntos corruptos debe ser parte de \u201cuna costumbre\u201d del gobierno del presidente L\u00f3pez Obrador al puntualizar que la denuncia contra el l\u00edder petrolero se da en momentos en que, precisamente, el jefe de la Naci\u00f3n acusa una ca\u00edda en su popularidad.<\/p>\n\n\n\n<p>El Presidente debe olvidarse de las conferencias ma\u00f1aneras e invertir ese valioso tiempo en el combate real a la corrupci\u00f3n y no s\u00f3lo de \u201cdientes para afuera\u201d, y dejarse de expresiones in\u00fatiles como la de \u201cme canso ganso\u201d.<\/p>\n","protected":false},"excerpt":{"rendered":"<p>Pedro Garc\u00eda Trevi\u00f1o El senador Samuel Garc\u00eda puntualiz\u00f3 que el perd\u00f3n que otorg\u00f3 el presidente L\u00f3pez Obrador al PRI y al PAN \u201cno le gust\u00f3 a la gente. Le cost\u00f3, y hoy rectifica con hechos, al estar Hacienda encima de Romero Deschamps.\u201d La acci\u00f3n judicial contra el l\u00edder petrolero y familiares debiera ser una costumbre [&hellip;]<\/p>\n","protected":false},"author":1,"featured_media":8655,"comment_status":"open","ping_status":"open","sticky":true,"template":"","format":"standard","meta":{"footnotes":""},"categories":[6],"tags":[],"_links":{"self":[{"href":"https:\/\/diariodigitalmx.com\/index.php\/wp-json\/wp\/v2\/posts\/8653"}],"collection":[{"href":"https:\/\/diariodigitalmx.com\/index.php\/wp-json\/wp\/v2\/posts"}],"about":[{"href":"https:\/\/diariodigitalmx.com\/index.php\/wp-json\/wp\/v2\/types\/post"}],"author":[{"embeddable":true,"href":"https:\/\/diariodigitalmx.com\/index.php\/wp-json\/wp\/v2\/users\/1"}],"replies":[{"embeddable":true,"href":"https:\/\/diariodigitalmx.com\/index.php\/wp-json\/wp\/v2\/comments?post=8653"}],"version-history":[{"count":1,"href":"https:\/\/diariodigitalmx.com\/index.php\/wp-json\/wp\/v2\/posts\/8653\/revisions"}],"predecessor-version":[{"id":8654,"href":"https:\/\/diariodigitalmx.com\/index.php\/wp-json\/wp\/v2\/posts\/8653\/revisions\/8654"}],"wp:featuredmedia":[{"embeddable":true,"href":"https:\/\/diariodigitalmx.com\/index.php\/wp-json\/wp\/v2\/media\/8655"}],"wp:attachment":[{"href":"https:\/\/diariodigitalmx.com\/index.php\/wp-json\/wp\/v2\/media?parent=8653"}],"wp:term":[{"taxonomy":"category","embeddable":true,"href":"https:\/\/diariodigitalmx.com\/index.php\/wp-json\/wp\/v2\/categories?post=8653"},{"taxonomy":"post_tag","embeddable":true,"href":"https:\/\/diariodigitalmx.com\/index.php\/wp-json\/wp\/v2\/tags?post=8653"}],"curies":[{"name":"wp","href":"https:\/\/api.w.org\/{rel}","templated":true}]}}