{"id":8708,"date":"2019-07-24T09:43:48","date_gmt":"2019-07-24T14:43:48","guid":{"rendered":"http:\/\/diariodigitalmx.com\/?p=8708"},"modified":"2019-07-24T09:43:49","modified_gmt":"2019-07-24T14:43:49","slug":"se-deslinda-el-presidente-lopez-obrador-de-asunto-baja-california","status":"publish","type":"post","link":"https:\/\/diariodigitalmx.com\/index.php\/2019\/07\/24\/se-deslinda-el-presidente-lopez-obrador-de-asunto-baja-california\/","title":{"rendered":"Se deslinda el presidente L\u00f3pez Obrador de asunto Baja California"},"content":{"rendered":"\n<p>El presidente Andr\u00e9s Manuel L\u00f3pez Obrador indic\u00f3 que prefiere no opinar sobre el tema de la ampliaci\u00f3n de mandato en Baja California, para no dar pie a las malas interpretaciones, pues este asunto le corresponde al Congreso de la entidad, y&nbsp;\u00e9l no tuvo nada que ver en esa&nbsp;decisi\u00f3n validada la v\u00edspera.<\/p>\n\n\n\n<p>Tras se\u00f1alar que en este asunto no se ha informado de manera adecuada, ya que no solo votaron a favor los diputados de Morena, sino tambi\u00e9n los de la oposici\u00f3n, L\u00f3pez Obrador pidi\u00f3 en su conferencia de prensa matutina no involucrarlo en este tema pues \u201cno tuve nada que ver, ya no es el tiempo de antes en que estas decisiones las tomaban desde arriba\u201d.<\/p>\n\n\n\n<p>En este marco mencion\u00f3 que los conservadores acusan que no quiere certificar la firma del documento por el que se comprometi\u00f3 a la no reelecci\u00f3n, sin embargo, al mostrar el documento inform\u00f3 que ma\u00f1ana la certificar\u00e1 frente a notario p\u00fablico, por lo que pidi\u00f3 a los opositores aprobar la iniciativa de revocaci\u00f3n de mandato.<\/p>\n","protected":false},"excerpt":{"rendered":"<p>El presidente Andr\u00e9s Manuel L\u00f3pez Obrador indic\u00f3 que prefiere no opinar sobre el tema de la ampliaci\u00f3n de mandato en Baja California, para no dar pie a las malas interpretaciones, pues este asunto le corresponde al Congreso de la entidad, y&nbsp;\u00e9l no tuvo nada que ver en esa&nbsp;decisi\u00f3n validada la v\u00edspera. Tras se\u00f1alar que en [&hellip;]<\/p>\n","protected":false},"author":1,"featured_media":8710,"comment_status":"open","ping_status":"open","sticky":true,"template":"","format":"standard","meta":{"footnotes":""},"categories":[2],"tags":[],"_links":{"self":[{"href":"https:\/\/diariodigitalmx.com\/index.php\/wp-json\/wp\/v2\/posts\/8708"}],"collection":[{"href":"https:\/\/diariodigitalmx.com\/index.php\/wp-json\/wp\/v2\/posts"}],"about":[{"href":"https:\/\/diariodigitalmx.com\/index.php\/wp-json\/wp\/v2\/types\/post"}],"author":[{"embeddable":true,"href":"https:\/\/diariodigitalmx.com\/index.php\/wp-json\/wp\/v2\/users\/1"}],"replies":[{"embeddable":true,"href":"https:\/\/diariodigitalmx.com\/index.php\/wp-json\/wp\/v2\/comments?post=8708"}],"version-history":[{"count":2,"href":"https:\/\/diariodigitalmx.com\/index.php\/wp-json\/wp\/v2\/posts\/8708\/revisions"}],"predecessor-version":[{"id":8711,"href":"https:\/\/diariodigitalmx.com\/index.php\/wp-json\/wp\/v2\/posts\/8708\/revisions\/8711"}],"wp:featuredmedia":[{"embeddable":true,"href":"https:\/\/diariodigitalmx.com\/index.php\/wp-json\/wp\/v2\/media\/8710"}],"wp:attachment":[{"href":"https:\/\/diariodigitalmx.com\/index.php\/wp-json\/wp\/v2\/media?parent=8708"}],"wp:term":[{"taxonomy":"category","embeddable":true,"href":"https:\/\/diariodigitalmx.com\/index.php\/wp-json\/wp\/v2\/categories?post=8708"},{"taxonomy":"post_tag","embeddable":true,"href":"https:\/\/diariodigitalmx.com\/index.php\/wp-json\/wp\/v2\/tags?post=8708"}],"curies":[{"name":"wp","href":"https:\/\/api.w.org\/{rel}","templated":true}]}}