{"id":875,"date":"2019-03-05T17:20:49","date_gmt":"2019-03-05T23:20:49","guid":{"rendered":"http:\/\/diariodigitalmx.com\/?p=875"},"modified":"2019-03-05T17:20:50","modified_gmt":"2019-03-05T23:20:50","slug":"ratifica-calificadora-internacional-calidad-crediticia-de-apodaca","status":"publish","type":"post","link":"https:\/\/diariodigitalmx.com\/index.php\/2019\/03\/05\/ratifica-calificadora-internacional-calidad-crediticia-de-apodaca\/","title":{"rendered":"Ratifica calificadora internacional calidad crediticia de Apodaca"},"content":{"rendered":"\n<p><strong>R<\/strong>Gracias a su bajo nivel de endeudamiento y la liquidez elevada&nbsp;la calificadora internacional&nbsp;\u201cFitch Ratings\u201d&nbsp;ratific\u00f3 la calificaci\u00f3n de la calidad crediticia del municipio de Apodaca, encabezado por el Alcalde C\u00e9sar Garza Villareal, en \u201cAA(mex)\u201d.<\/p>\n\n\n\n<p>Con lo anterior se reafirma que en Apodaca se tiene una perspectiva crediticia \u201cEstable\u201d, derivado de la consistencia de sus pol\u00edticas y sus pr\u00e1cticas de endeudamiento, por lo que se estima que la&nbsp;pol\u00edtica de endeudamiento clara&nbsp;y consistente del municipio contin\u00fae durante este a\u00f1o.<\/p>\n\n\n\n<p>\u201cLa ratificaci\u00f3n de la calificaci\u00f3n se explica por la consistencia de sus pol\u00edticas y sus pr\u00e1cticas de endeudamiento, adem\u00e1s de la importancia econ\u00f3mica del Municipio en el contexto local y nacional\u201d, se\u00f1ala la calificadora.<\/p>\n\n\n\n<p>La agencia proyecta que la sostenibilidad se mantendr\u00e1 fuerte durante los siguientes ejercicios fiscales, gracias a que se cuenta con un dinamismo econ\u00f3mico fuerte y una fortaleza recaudatoria sobresaliente.<\/p>\n\n\n\n<p>\u201cApodaca presenta una pol\u00edtica de endeudamiento prudente, aunque restringida por las pol\u00edticas de contingencia limitadas. La pol\u00edtica de pago de proveedores se realiza de forma directa, sin el empleo de cadenas productivas y no hace uso de cr\u00e9ditos de corto plazo\u201d, anuncia Fitch Ratings&nbsp;<\/p>\n\n\n\n<p>La calificadora continuar\u00e1 analizando y supervisando las pol\u00edticas de endeudamiento de la administraci\u00f3n del Alcalde C\u00e9sar Garza Villarreal, en donde se espera una pol\u00edtica de endeudamiento prudente, derivado del techo de financiamiento neto (TFN) establecido por el Sistema de Alertas (SA) para 2019.<\/p>\n","protected":false},"excerpt":{"rendered":"<p>RGracias a su bajo nivel de endeudamiento y la liquidez elevada&nbsp;la calificadora internacional&nbsp;\u201cFitch Ratings\u201d&nbsp;ratific\u00f3 la calificaci\u00f3n de la calidad crediticia del municipio de Apodaca, encabezado por el Alcalde C\u00e9sar Garza Villareal, en \u201cAA(mex)\u201d. Con lo anterior se reafirma que en Apodaca se tiene una perspectiva crediticia \u201cEstable\u201d, derivado de la consistencia de sus pol\u00edticas y [&hellip;]<\/p>\n","protected":false},"author":1,"featured_media":876,"comment_status":"open","ping_status":"open","sticky":true,"template":"","format":"standard","meta":{"footnotes":""},"categories":[6],"tags":[],"_links":{"self":[{"href":"https:\/\/diariodigitalmx.com\/index.php\/wp-json\/wp\/v2\/posts\/875"}],"collection":[{"href":"https:\/\/diariodigitalmx.com\/index.php\/wp-json\/wp\/v2\/posts"}],"about":[{"href":"https:\/\/diariodigitalmx.com\/index.php\/wp-json\/wp\/v2\/types\/post"}],"author":[{"embeddable":true,"href":"https:\/\/diariodigitalmx.com\/index.php\/wp-json\/wp\/v2\/users\/1"}],"replies":[{"embeddable":true,"href":"https:\/\/diariodigitalmx.com\/index.php\/wp-json\/wp\/v2\/comments?post=875"}],"version-history":[{"count":1,"href":"https:\/\/diariodigitalmx.com\/index.php\/wp-json\/wp\/v2\/posts\/875\/revisions"}],"predecessor-version":[{"id":877,"href":"https:\/\/diariodigitalmx.com\/index.php\/wp-json\/wp\/v2\/posts\/875\/revisions\/877"}],"wp:featuredmedia":[{"embeddable":true,"href":"https:\/\/diariodigitalmx.com\/index.php\/wp-json\/wp\/v2\/media\/876"}],"wp:attachment":[{"href":"https:\/\/diariodigitalmx.com\/index.php\/wp-json\/wp\/v2\/media?parent=875"}],"wp:term":[{"taxonomy":"category","embeddable":true,"href":"https:\/\/diariodigitalmx.com\/index.php\/wp-json\/wp\/v2\/categories?post=875"},{"taxonomy":"post_tag","embeddable":true,"href":"https:\/\/diariodigitalmx.com\/index.php\/wp-json\/wp\/v2\/tags?post=875"}],"curies":[{"name":"wp","href":"https:\/\/api.w.org\/{rel}","templated":true}]}}