{"id":8765,"date":"2019-07-25T12:59:21","date_gmt":"2019-07-25T17:59:21","guid":{"rendered":"http:\/\/diariodigitalmx.com\/?p=8765"},"modified":"2019-07-25T16:40:54","modified_gmt":"2019-07-25T21:40:54","slug":"listos-los-picateclas-saltaran-a-la-cancha-con-todo-en-el-juego-del-recuerdo","status":"publish","type":"post","link":"https:\/\/diariodigitalmx.com\/index.php\/2019\/07\/25\/listos-los-picateclas-saltaran-a-la-cancha-con-todo-en-el-juego-del-recuerdo\/","title":{"rendered":"Listos los Picateclas; saltar\u00e1n a la cancha con todo, en el juego del recuerdo"},"content":{"rendered":"\n<p>*Saldr\u00e1n chispas y algo m\u00e1s<\/p>\n\n\n\n<p>Por Sotero Monsiv\u00e1is<\/p>\n\n\n\n<p>Adem\u00e1s en esta participaci\u00f3n conjunta de excelentes y estacados periodistas.. sobran mil de an\u00e9cdotas  que vivieron en su momento.por eso y tantas cosas m\u00e1s los invitamos. Que nos acompa\u00f1en este viernes 26 de julio o sea ma\u00f1ana a las 7: 00 pm en el campo 3 que se encuentra a un costado de Plaza sesamo. <\/p>\n\n\n\n<p><br> Ven y asiste junto con tu familia a disfrutar como la mayor\u00eda de los jugadores llegan con bastones, tanques de ox\u00edgeno. .testamentos en mano, apoyo de ambulancia R\u00cdETE a carcajadas, \u00fanico d\u00eda viernes 26.. Nota..los asistentes no ser\u00e1n culpables de.los que se queden semi muertos en la cancha.<\/p>\n\n\n\n<ul class=\"wp-block-gallery columns-1 is-cropped wp-block-gallery-1 is-layout-flex wp-block-gallery-is-layout-flex\"><li class=\"blocks-gallery-item\"><figure><img loading=\"lazy\" decoding=\"async\" width=\"960\" height=\"960\" src=\"http:\/\/diariodigitalmx.com\/wp-content\/uploads\/2019\/07\/received_2399358540144540.jpeg\" alt=\"\" data-id=\"8768\" data-link=\"http:\/\/diariodigitalmx.com\/index.php\/2019\/07\/25\/listos-los-picateclas-saltaran-a-la-cancha-con-todo-en-el-juego-del-recuerdo\/received_2399358540144540\/\" class=\"wp-image-8768\" srcset=\"https:\/\/diariodigitalmx.com\/wp-content\/uploads\/2019\/07\/received_2399358540144540.jpeg 960w, https:\/\/diariodigitalmx.com\/wp-content\/uploads\/2019\/07\/received_2399358540144540-150x150.jpeg 150w, https:\/\/diariodigitalmx.com\/wp-content\/uploads\/2019\/07\/received_2399358540144540-300x300.jpeg 300w, https:\/\/diariodigitalmx.com\/wp-content\/uploads\/2019\/07\/received_2399358540144540-768x768.jpeg 768w\" sizes=\"(max-width: 960px) 100vw, 960px\" \/><\/figure><\/li><\/ul>\n","protected":false},"excerpt":{"rendered":"<p>*Saldr\u00e1n chispas y algo m\u00e1s Por Sotero Monsiv\u00e1is Adem\u00e1s en esta participaci\u00f3n conjunta de excelentes y estacados periodistas.. sobran mil de an\u00e9cdotas que vivieron en su momento.por eso y tantas cosas m\u00e1s los invitamos. Que nos acompa\u00f1en este viernes 26 de julio o sea ma\u00f1ana a las 7: 00 pm en el campo 3 que [&hellip;]<\/p>\n","protected":false},"author":1,"featured_media":8767,"comment_status":"open","ping_status":"open","sticky":true,"template":"","format":"standard","meta":{"footnotes":""},"categories":[8],"tags":[],"_links":{"self":[{"href":"https:\/\/diariodigitalmx.com\/index.php\/wp-json\/wp\/v2\/posts\/8765"}],"collection":[{"href":"https:\/\/diariodigitalmx.com\/index.php\/wp-json\/wp\/v2\/posts"}],"about":[{"href":"https:\/\/diariodigitalmx.com\/index.php\/wp-json\/wp\/v2\/types\/post"}],"author":[{"embeddable":true,"href":"https:\/\/diariodigitalmx.com\/index.php\/wp-json\/wp\/v2\/users\/1"}],"replies":[{"embeddable":true,"href":"https:\/\/diariodigitalmx.com\/index.php\/wp-json\/wp\/v2\/comments?post=8765"}],"version-history":[{"count":4,"href":"https:\/\/diariodigitalmx.com\/index.php\/wp-json\/wp\/v2\/posts\/8765\/revisions"}],"predecessor-version":[{"id":8777,"href":"https:\/\/diariodigitalmx.com\/index.php\/wp-json\/wp\/v2\/posts\/8765\/revisions\/8777"}],"wp:featuredmedia":[{"embeddable":true,"href":"https:\/\/diariodigitalmx.com\/index.php\/wp-json\/wp\/v2\/media\/8767"}],"wp:attachment":[{"href":"https:\/\/diariodigitalmx.com\/index.php\/wp-json\/wp\/v2\/media?parent=8765"}],"wp:term":[{"taxonomy":"category","embeddable":true,"href":"https:\/\/diariodigitalmx.com\/index.php\/wp-json\/wp\/v2\/categories?post=8765"},{"taxonomy":"post_tag","embeddable":true,"href":"https:\/\/diariodigitalmx.com\/index.php\/wp-json\/wp\/v2\/tags?post=8765"}],"curies":[{"name":"wp","href":"https:\/\/api.w.org\/{rel}","templated":true}]}}