{"id":8883,"date":"2019-07-27T20:09:04","date_gmt":"2019-07-28T01:09:04","guid":{"rendered":"http:\/\/diariodigitalmx.com\/?p=8883"},"modified":"2019-07-27T20:10:18","modified_gmt":"2019-07-28T01:10:18","slug":"cadereyta-y-juarez-lo-peor-para-vivir-asume-estado-control-de-policia-ante-violencia-e-inseguridad","status":"publish","type":"post","link":"https:\/\/diariodigitalmx.com\/index.php\/2019\/07\/27\/cadereyta-y-juarez-lo-peor-para-vivir-asume-estado-control-de-policia-ante-violencia-e-inseguridad\/","title":{"rendered":"Cadereyta y Ju\u00e1rez, lo peor para vivir; asume Estado control de polic\u00eda ante violencia e inseguridad"},"content":{"rendered":"\n<p>*Ineptitud de alcaldes para dar paz a los ciudadanos<\/p>\n\n\n\n<p>*No les qued\u00f3 otra que pedir auxilio al Estado<\/p>\n\n\n\n<p>Jessica Leal<\/p>\n\n\n\n<p>Monterrey.- Ante la alta incidencia de violencia e inseguridad que tienen, el Estado asumi\u00f3 el control de la polic\u00eda en los municipios de Cadereyta y Ju\u00e1rez, al oriente de la zona conurbada.<br><\/p>\n\n\n\n<p> Los decretos para que el Gobierno Estatal pueda asumir el mando de la polic\u00eda municipal de Ju\u00e1rez y Cadereyta temporalmente, fueron publicados en el Peri\u00f3dico Oficial del Estado.<br><\/p>\n\n\n\n<p>Los Alcaldes de ambos municipios solicitaron la intervenci\u00f3n, debido al grave problema de inseguridad que se presenta.<br><\/p>\n\n\n\n<p>&#8220;El Ejecutivo del Estado&#8230; ha considerado necesario que el Estado asuma de manera inmediata y transitoria la facultad de emitir \u00f3rdenes a la Polic\u00eda del Municipio&#8221; menciona el documento.<br><\/p>\n\n\n\n<p>Tendr\u00e1 una duraci\u00f3n de 30 d\u00edas, sin embargo, podr\u00e1 ser prorrogable si la inseguridad no disminuye en Ju\u00e1rez y Cadereyta; en este \u00faltimo municipio, se registraron cuatro en los tres primeros d\u00edas de la semana.<\/p>\n\n\n\n<p><br><\/p>\n\n\n\n<figure class=\"wp-block-image\"><img loading=\"lazy\" decoding=\"async\" width=\"1024\" height=\"576\" src=\"http:\/\/diariodigitalmx.com\/wp-content\/uploads\/2019\/07\/whatsappimage20190725at8.47.43pm-1024x576.jpeg\" alt=\"\" class=\"wp-image-8886\" srcset=\"https:\/\/diariodigitalmx.com\/wp-content\/uploads\/2019\/07\/whatsappimage20190725at8.47.43pm-1024x576.jpeg 1024w, https:\/\/diariodigitalmx.com\/wp-content\/uploads\/2019\/07\/whatsappimage20190725at8.47.43pm-300x169.jpeg 300w, https:\/\/diariodigitalmx.com\/wp-content\/uploads\/2019\/07\/whatsappimage20190725at8.47.43pm-768x432.jpeg 768w, https:\/\/diariodigitalmx.com\/wp-content\/uploads\/2019\/07\/whatsappimage20190725at8.47.43pm.jpeg 1280w\" sizes=\"(max-width: 1024px) 100vw, 1024px\" \/><\/figure>\n\n\n\n<p>Con 100 polic\u00edas Fuerza Civil retom\u00f3 la vigilancia de Cadereyta enfoc\u00e1ndose a los delitos de alto impacto, como los homicidios y el narcomenudeo.<br><\/p>\n\n\n\n<p>Mientras tanto, con la firma de un convenio entre el Alcalde, Heriberto Trevi\u00f1o, y autoridades de Fuerza Civil, el Estado tom\u00f3 oficialmente la seguridad del Municipio de Ju\u00e1rez.<br><\/p>\n\n\n\n<p>El alcalde reiter\u00f3 que el Municipio fue quien pidi\u00f3 el apoyo del Gobierno del Estado, hace 20 d\u00edas, tras incrementarse la violencia en Ju\u00e1rez.<br><\/p>\n\n\n\n<p>Llegaron entre 150 y 200 elementos de Fuerza Civil, que se sumar\u00e1n a las fuerzas municipales de Ju\u00e1rez.<br><\/p>\n\n\n\n<p>Por otro lado, &nbsp;Ramiro Gonz\u00e1lez, l\u00edder de los diputados locales de Morena advirti\u00f3 que con la medida &nbsp;podr\u00edan calentarse las plazas.<br><\/p>\n\n\n\n<p>&#8220;El crimen organizado rebas\u00f3 a esos municipios y aplaudo la valent\u00eda del secretario de Seguridad, del secretario general de Gobierno, del Gobernador para enfrentar la inseguridad en esos municipios, porque son los n\u00famero uno en ejecuciones, en robos, as\u00ed que espero que con esta estrategia se empiece a erradicar la inseguridad&#8221;, dice el legislador.<\/p>\n\n\n\n<p><br><\/p>\n\n\n\n<figure class=\"wp-block-image\"><img loading=\"lazy\" decoding=\"async\" width=\"1024\" height=\"768\" src=\"http:\/\/diariodigitalmx.com\/wp-content\/uploads\/2019\/07\/whatsappimage20190725at8.47.43pm2_1-1024x768.jpeg\" alt=\"\" class=\"wp-image-8888\" srcset=\"https:\/\/diariodigitalmx.com\/wp-content\/uploads\/2019\/07\/whatsappimage20190725at8.47.43pm2_1-1024x768.jpeg 1024w, https:\/\/diariodigitalmx.com\/wp-content\/uploads\/2019\/07\/whatsappimage20190725at8.47.43pm2_1-300x225.jpeg 300w, https:\/\/diariodigitalmx.com\/wp-content\/uploads\/2019\/07\/whatsappimage20190725at8.47.43pm2_1-768x576.jpeg 768w, https:\/\/diariodigitalmx.com\/wp-content\/uploads\/2019\/07\/whatsappimage20190725at8.47.43pm2_1.jpeg 1280w\" sizes=\"(max-width: 1024px) 100vw, 1024px\" \/><\/figure>\n\n\n\n<p>Advierte: &#8220;Hay que tener mucho cuidado porque se pueden empezar a calentar las plazas. porque si van a meterse de lleno a frenar los homicidios y a combatir al narco, pues los operativos van a generar que los otros se defiendan o se ataquen, as\u00ed que aqu\u00ed lo que hay que privilegiar el proteger al ciudadano, al vecino, porque es al que hay que garantizarle su seguridad&#8221;.<br><\/p>\n\n\n\n<p>Para el coordinador de los diputados del PAN, Carlos de la Fuente, debe reforzarse mucho esa zona y devolverle la tranquilidad a sus habitantes. Eso tiene que generar una mejor\u00eda inmediata, porque al ver que hay mayor presencia, deben bajar esos n\u00fameros negativos.<\/p>\n\n\n\n<p><\/p>\n","protected":false},"excerpt":{"rendered":"<p>*Ineptitud de alcaldes para dar paz a los ciudadanos *No les qued\u00f3 otra que pedir auxilio al Estado Jessica Leal Monterrey.- Ante la alta incidencia de violencia e inseguridad que tienen, el Estado asumi\u00f3 el control de la polic\u00eda en los municipios de Cadereyta y Ju\u00e1rez, al oriente de la zona conurbada. Los decretos para [&hellip;]<\/p>\n","protected":false},"author":1,"featured_media":8885,"comment_status":"open","ping_status":"open","sticky":true,"template":"","format":"standard","meta":{"footnotes":""},"categories":[6],"tags":[],"_links":{"self":[{"href":"https:\/\/diariodigitalmx.com\/index.php\/wp-json\/wp\/v2\/posts\/8883"}],"collection":[{"href":"https:\/\/diariodigitalmx.com\/index.php\/wp-json\/wp\/v2\/posts"}],"about":[{"href":"https:\/\/diariodigitalmx.com\/index.php\/wp-json\/wp\/v2\/types\/post"}],"author":[{"embeddable":true,"href":"https:\/\/diariodigitalmx.com\/index.php\/wp-json\/wp\/v2\/users\/1"}],"replies":[{"embeddable":true,"href":"https:\/\/diariodigitalmx.com\/index.php\/wp-json\/wp\/v2\/comments?post=8883"}],"version-history":[{"count":3,"href":"https:\/\/diariodigitalmx.com\/index.php\/wp-json\/wp\/v2\/posts\/8883\/revisions"}],"predecessor-version":[{"id":8889,"href":"https:\/\/diariodigitalmx.com\/index.php\/wp-json\/wp\/v2\/posts\/8883\/revisions\/8889"}],"wp:featuredmedia":[{"embeddable":true,"href":"https:\/\/diariodigitalmx.com\/index.php\/wp-json\/wp\/v2\/media\/8885"}],"wp:attachment":[{"href":"https:\/\/diariodigitalmx.com\/index.php\/wp-json\/wp\/v2\/media?parent=8883"}],"wp:term":[{"taxonomy":"category","embeddable":true,"href":"https:\/\/diariodigitalmx.com\/index.php\/wp-json\/wp\/v2\/categories?post=8883"},{"taxonomy":"post_tag","embeddable":true,"href":"https:\/\/diariodigitalmx.com\/index.php\/wp-json\/wp\/v2\/tags?post=8883"}],"curies":[{"name":"wp","href":"https:\/\/api.w.org\/{rel}","templated":true}]}}