{"id":8959,"date":"2019-07-28T18:06:57","date_gmt":"2019-07-28T23:06:57","guid":{"rendered":"http:\/\/diariodigitalmx.com\/?p=8959"},"modified":"2019-07-28T22:08:13","modified_gmt":"2019-07-29T03:08:13","slug":"combaten-violencia-a-mujer-con-deporte-apadrina-karina-barron-mujer-en-el-deporte","status":"publish","type":"post","link":"https:\/\/diariodigitalmx.com\/index.php\/2019\/07\/28\/combaten-violencia-a-mujer-con-deporte-apadrina-karina-barron-mujer-en-el-deporte\/","title":{"rendered":"Combaten violencia a mujer; apadrina Karina Barr\u00f3n &#8220;Mujer en el deporte&#8221;"},"content":{"rendered":"\n<p>Con la finalidad de apoyar a mujeres y ni\u00f1as y al mismo tiempo combatir la violencia familiar, la diputada de Movimiento Ciudadano, Karina Barr\u00f3n Perales, apadrin\u00f3 este fin de semana el torneo \u201cMujer en el Deporte\u201d en el que participaron m\u00e1s de 350 ni\u00f1as y sus familias.<\/p>\n\n\n\n<p>Desarrollado este viernes, s\u00e1bado y domingo en el Club Central Esfera, al sur de Monterrey, el certamen dirigido a ni\u00f1as de entre 11 y 15 a\u00f1os cont\u00f3 con la participaci\u00f3n de 22 equipos de la zona metropolitana de Monterrey y tambi\u00e9n de los municipios de Saltillo y Arteaga del vecino estado de Coahuila.<\/p>\n\n\n\n<figure class=\"wp-block-image\"><img loading=\"lazy\" decoding=\"async\" width=\"1024\" height=\"682\" src=\"http:\/\/diariodigitalmx.com\/wp-content\/uploads\/2019\/07\/IMG-20190728-WA0006-1024x682.jpg\" alt=\"\" class=\"wp-image-8963\" srcset=\"https:\/\/diariodigitalmx.com\/wp-content\/uploads\/2019\/07\/IMG-20190728-WA0006-1024x682.jpg 1024w, https:\/\/diariodigitalmx.com\/wp-content\/uploads\/2019\/07\/IMG-20190728-WA0006-300x200.jpg 300w, https:\/\/diariodigitalmx.com\/wp-content\/uploads\/2019\/07\/IMG-20190728-WA0006-768x512.jpg 768w, https:\/\/diariodigitalmx.com\/wp-content\/uploads\/2019\/07\/IMG-20190728-WA0006.jpg 1280w\" sizes=\"(max-width: 1024px) 100vw, 1024px\" \/><\/figure>\n\n\n\n<p>Karina Barr\u00f3n explic\u00f3 que es precisamente en estas fechas, durante el receso escolar, cuando los casos de violencia familiar se incrementan en Nuevo Le\u00f3n, por lo que es importante generar pol\u00edticas p\u00fablicas para contrarrestar est\u00e1 situaci\u00f3n, siendo el deporte una de las actividades m\u00e1s importantes, pues generan la convivencia familiar y fortalece los v\u00ednculos entre padres e hijos.<\/p>\n\n\n\n<figure class=\"wp-block-image\"><img loading=\"lazy\" decoding=\"async\" width=\"1024\" height=\"682\" src=\"http:\/\/diariodigitalmx.com\/wp-content\/uploads\/2019\/07\/IMG-20190728-WA0005-1024x682.jpg\" alt=\"\" class=\"wp-image-8970\" srcset=\"https:\/\/diariodigitalmx.com\/wp-content\/uploads\/2019\/07\/IMG-20190728-WA0005-1024x682.jpg 1024w, https:\/\/diariodigitalmx.com\/wp-content\/uploads\/2019\/07\/IMG-20190728-WA0005-300x200.jpg 300w, https:\/\/diariodigitalmx.com\/wp-content\/uploads\/2019\/07\/IMG-20190728-WA0005-768x512.jpg 768w, https:\/\/diariodigitalmx.com\/wp-content\/uploads\/2019\/07\/IMG-20190728-WA0005.jpg 1280w\" sizes=\"(max-width: 1024px) 100vw, 1024px\" \/><\/figure>\n\n\n\n<p>\u201cMuy contenta, porque siempre he pensado que es importante defender y apoyar a las mujeres, as\u00ed como a sus familias, y no solo desde la \u00e1mbito Legislativo, en donde hemos trabajado fuertemente, sino tambi\u00e9n desde otro tipo de acciones, como \u00e9sta; el deporte, en donde generas no solo la participaci\u00f3n de las ni\u00f1as y jovencitas en actividades buenas para su salud, sino que al mismo tiempo contribuyes a fortalecer los v\u00ednculos entre padres e hijos. Aqu\u00ed no solo vinieron las ni\u00f1as, est\u00e1n sus pap\u00e1s presentes apoy\u00e1ndolas y eso es algo invaluable\u201d.<\/p>\n\n\n\n<figure class=\"wp-block-image\"><img loading=\"lazy\" decoding=\"async\" width=\"1024\" height=\"682\" src=\"http:\/\/diariodigitalmx.com\/wp-content\/uploads\/2019\/07\/IMG-20190728-WA0004-1024x682.jpg\" alt=\"\" class=\"wp-image-8966\" srcset=\"https:\/\/diariodigitalmx.com\/wp-content\/uploads\/2019\/07\/IMG-20190728-WA0004-1024x682.jpg 1024w, https:\/\/diariodigitalmx.com\/wp-content\/uploads\/2019\/07\/IMG-20190728-WA0004-300x200.jpg 300w, https:\/\/diariodigitalmx.com\/wp-content\/uploads\/2019\/07\/IMG-20190728-WA0004-768x512.jpg 768w, https:\/\/diariodigitalmx.com\/wp-content\/uploads\/2019\/07\/IMG-20190728-WA0004.jpg 1280w\" sizes=\"(max-width: 1024px) 100vw, 1024px\" \/><\/figure>\n\n\n\n<p>\u201cA nosotros que estamos de este lado y a los gobernantes, nos toca generar pol\u00edticas p\u00fablicas, espacios para la convivencia y acciones en donde cada vez m\u00e1s tengamos a las familias conviviendo sanamente, solo as\u00ed podremos reconstruir el tejido social tan da\u00f1ado que tenemos en Nuevo Le\u00f3n, y con ello erradicar la violencia familiar\u201d, a\u00f1adi\u00f3.<\/p>\n\n\n\n<p>Seg\u00fan datos del Secretariado Ejecutivo en Seguridad P\u00fablica, Nuevo Le\u00f3n ocupa el segundo lugar nacional en casos de Violencia Familiar, mientras que la Fiscal\u00eda General del Estado, reporta que durante los meses de julio y agosto las denuncias por este delito se disparan.<\/p>\n\n\n\n<figure class=\"wp-block-image\"><img loading=\"lazy\" decoding=\"async\" width=\"1024\" height=\"682\" src=\"http:\/\/diariodigitalmx.com\/wp-content\/uploads\/2019\/07\/IMG-20190728-WA0003-1024x682.jpg\" alt=\"\" class=\"wp-image-8968\" srcset=\"https:\/\/diariodigitalmx.com\/wp-content\/uploads\/2019\/07\/IMG-20190728-WA0003-1024x682.jpg 1024w, https:\/\/diariodigitalmx.com\/wp-content\/uploads\/2019\/07\/IMG-20190728-WA0003-300x200.jpg 300w, https:\/\/diariodigitalmx.com\/wp-content\/uploads\/2019\/07\/IMG-20190728-WA0003-768x512.jpg 768w, https:\/\/diariodigitalmx.com\/wp-content\/uploads\/2019\/07\/IMG-20190728-WA0003.jpg 1280w\" sizes=\"(max-width: 1024px) 100vw, 1024px\" \/><\/figure>\n\n\n\n<p>La Diputada Karina Barr\u00f3n reconoci\u00f3 la organizaci\u00f3n de Jazm\u00edn Sauceda, promotora del evento. Los equipos de ni\u00f1as que participaron fueron apoyada con la inscripci\u00f3n y el traslado, pues proven\u00edan de municipios como; Pesquer\u00eda, Guadalupe, Santa Catarina, San Nicol\u00e1s, Escobedo y Monterrey, en Nuevo Le\u00f3n, as\u00ed como de los ayuntamientos de Saltillo y Arteaga, del vecino estado de  Coahuila.<\/p>\n\n\n\n<p><\/p>\n\n\n\n<p><\/p>\n\n\n\n<figure class=\"wp-block-video\"><video controls src=\"blob:http:\/\/diariodigitalmx.com\/24fb34db-4db5-4777-beb6-b8581eed3adb\"><\/video><\/figure>\n\n\n\n<figure class=\"wp-block-video\"><video controls src=\"blob:http:\/\/diariodigitalmx.com\/3b381a15-6d80-403b-9b37-2d6c74aad0eb\"><\/video><\/figure>\n","protected":false},"excerpt":{"rendered":"<p>Con la finalidad de apoyar a mujeres y ni\u00f1as y al mismo tiempo combatir la violencia familiar, la diputada de Movimiento Ciudadano, Karina Barr\u00f3n Perales, apadrin\u00f3 este fin de semana el torneo \u201cMujer en el Deporte\u201d en el que participaron m\u00e1s de 350 ni\u00f1as y sus familias. Desarrollado este viernes, s\u00e1bado y domingo en el [&hellip;]<\/p>\n","protected":false},"author":1,"featured_media":8961,"comment_status":"open","ping_status":"open","sticky":true,"template":"","format":"standard","meta":{"footnotes":""},"categories":[6],"tags":[],"_links":{"self":[{"href":"https:\/\/diariodigitalmx.com\/index.php\/wp-json\/wp\/v2\/posts\/8959"}],"collection":[{"href":"https:\/\/diariodigitalmx.com\/index.php\/wp-json\/wp\/v2\/posts"}],"about":[{"href":"https:\/\/diariodigitalmx.com\/index.php\/wp-json\/wp\/v2\/types\/post"}],"author":[{"embeddable":true,"href":"https:\/\/diariodigitalmx.com\/index.php\/wp-json\/wp\/v2\/users\/1"}],"replies":[{"embeddable":true,"href":"https:\/\/diariodigitalmx.com\/index.php\/wp-json\/wp\/v2\/comments?post=8959"}],"version-history":[{"count":8,"href":"https:\/\/diariodigitalmx.com\/index.php\/wp-json\/wp\/v2\/posts\/8959\/revisions"}],"predecessor-version":[{"id":8984,"href":"https:\/\/diariodigitalmx.com\/index.php\/wp-json\/wp\/v2\/posts\/8959\/revisions\/8984"}],"wp:featuredmedia":[{"embeddable":true,"href":"https:\/\/diariodigitalmx.com\/index.php\/wp-json\/wp\/v2\/media\/8961"}],"wp:attachment":[{"href":"https:\/\/diariodigitalmx.com\/index.php\/wp-json\/wp\/v2\/media?parent=8959"}],"wp:term":[{"taxonomy":"category","embeddable":true,"href":"https:\/\/diariodigitalmx.com\/index.php\/wp-json\/wp\/v2\/categories?post=8959"},{"taxonomy":"post_tag","embeddable":true,"href":"https:\/\/diariodigitalmx.com\/index.php\/wp-json\/wp\/v2\/tags?post=8959"}],"curies":[{"name":"wp","href":"https:\/\/api.w.org\/{rel}","templated":true}]}}