{"id":8977,"date":"2019-07-28T18:24:28","date_gmt":"2019-07-28T23:24:28","guid":{"rendered":"http:\/\/diariodigitalmx.com\/?p=8977"},"modified":"2019-07-28T18:25:13","modified_gmt":"2019-07-28T23:25:13","slug":"regio-gana-bronce-en-canotaje-en-peru","status":"publish","type":"post","link":"https:\/\/diariodigitalmx.com\/index.php\/2019\/07\/28\/regio-gana-bronce-en-canotaje-en-peru\/","title":{"rendered":"Regio gana bronce en canotaje en Per\u00fa"},"content":{"rendered":"\n<p>*El atleta regiomontano rescata el bronce en la competencia de canotaje<\/p>\n\n\n\n<p><\/p>\n\n\n\n<p>Per\u00fa.- El regiomontano Mauricio Figueroa gan\u00f3 este domingo la primera presea de Lima 2019 para Nuevo Le\u00f3n, al rescatar la presea de bronce junto a Osbaldo Fuentes, Javier L\u00f3pez y Juan Rodr\u00edguez en la prueba K4 500 metros, de las competencias de canotaje de los Juegos Panamericanos.<br><\/p>\n\n\n\n<p>&#8220;Muy contento porque hemos hecho valer el esfuerzo que ponemos en cada entrenamiento, en cada competencia&#8221;, expres\u00f3 Figueroa tras subir al podio junto a sus compa\u00f1eros.<\/p>\n\n\n\n<p><br><\/p>\n\n\n\n<figure class=\"wp-block-image\"><img loading=\"lazy\" decoding=\"async\" width=\"953\" height=\"1024\" src=\"http:\/\/diariodigitalmx.com\/wp-content\/uploads\/2019\/07\/Screenshot_20190728-1818562-953x1024.png\" alt=\"\" class=\"wp-image-8981\" srcset=\"https:\/\/diariodigitalmx.com\/wp-content\/uploads\/2019\/07\/Screenshot_20190728-1818562-953x1024.png 953w, https:\/\/diariodigitalmx.com\/wp-content\/uploads\/2019\/07\/Screenshot_20190728-1818562-279x300.png 279w, https:\/\/diariodigitalmx.com\/wp-content\/uploads\/2019\/07\/Screenshot_20190728-1818562-768x825.png 768w, https:\/\/diariodigitalmx.com\/wp-content\/uploads\/2019\/07\/Screenshot_20190728-1818562.png 1080w\" sizes=\"(max-width: 953px) 100vw, 953px\" \/><\/figure>\n\n\n\n<p>Un tiempo de un minuto, 23 segundos y 106 mil\u00e9simas registraron los mexicanos en esta prueba K4 500 metros, y se quedaron a un segundo de diferencia de los campeones.<br><\/p>\n\n\n\n<p>Los argentinos Juan C\u00e1ceres, Gonzalo Carreras, Ezequiel di Giacomo y Manuel Lascano conquistaron la presea de oro, con registro de 1\u00b422\u00b4\u00b4106, y los cubanos Robert Ben\u00edtez, Reinier Carrera, Renier Mora y Fidel Vargas se quedaron con la de plata, con 1\u00b423\u00b4\u00b4039.<\/p>\n\n\n\n<p><\/p>\n","protected":false},"excerpt":{"rendered":"<p>*El atleta regiomontano rescata el bronce en la competencia de canotaje Per\u00fa.- El regiomontano Mauricio Figueroa gan\u00f3 este domingo la primera presea de Lima 2019 para Nuevo Le\u00f3n, al rescatar la presea de bronce junto a Osbaldo Fuentes, Javier L\u00f3pez y Juan Rodr\u00edguez en la prueba K4 500 metros, de las competencias de canotaje de [&hellip;]<\/p>\n","protected":false},"author":1,"featured_media":8979,"comment_status":"open","ping_status":"open","sticky":true,"template":"","format":"standard","meta":{"footnotes":""},"categories":[8],"tags":[],"_links":{"self":[{"href":"https:\/\/diariodigitalmx.com\/index.php\/wp-json\/wp\/v2\/posts\/8977"}],"collection":[{"href":"https:\/\/diariodigitalmx.com\/index.php\/wp-json\/wp\/v2\/posts"}],"about":[{"href":"https:\/\/diariodigitalmx.com\/index.php\/wp-json\/wp\/v2\/types\/post"}],"author":[{"embeddable":true,"href":"https:\/\/diariodigitalmx.com\/index.php\/wp-json\/wp\/v2\/users\/1"}],"replies":[{"embeddable":true,"href":"https:\/\/diariodigitalmx.com\/index.php\/wp-json\/wp\/v2\/comments?post=8977"}],"version-history":[{"count":2,"href":"https:\/\/diariodigitalmx.com\/index.php\/wp-json\/wp\/v2\/posts\/8977\/revisions"}],"predecessor-version":[{"id":8982,"href":"https:\/\/diariodigitalmx.com\/index.php\/wp-json\/wp\/v2\/posts\/8977\/revisions\/8982"}],"wp:featuredmedia":[{"embeddable":true,"href":"https:\/\/diariodigitalmx.com\/index.php\/wp-json\/wp\/v2\/media\/8979"}],"wp:attachment":[{"href":"https:\/\/diariodigitalmx.com\/index.php\/wp-json\/wp\/v2\/media?parent=8977"}],"wp:term":[{"taxonomy":"category","embeddable":true,"href":"https:\/\/diariodigitalmx.com\/index.php\/wp-json\/wp\/v2\/categories?post=8977"},{"taxonomy":"post_tag","embeddable":true,"href":"https:\/\/diariodigitalmx.com\/index.php\/wp-json\/wp\/v2\/tags?post=8977"}],"curies":[{"name":"wp","href":"https:\/\/api.w.org\/{rel}","templated":true}]}}