{"id":8985,"date":"2019-07-29T05:41:06","date_gmt":"2019-07-29T10:41:06","guid":{"rendered":"http:\/\/diariodigitalmx.com\/?p=8985"},"modified":"2019-07-29T05:42:12","modified_gmt":"2019-07-29T10:42:12","slug":"no-te-acabes-asael","status":"publish","type":"post","link":"https:\/\/diariodigitalmx.com\/index.php\/2019\/07\/29\/no-te-acabes-asael\/","title":{"rendered":"\u201cNo te acabes Asael\u2026\u201d"},"content":{"rendered":"\n<p><br> Por Salvador Hern\u00e1ndez LANDEROS<br> De no ser por el diputado local Asael Sep\u00falveda Mart\u00ednez, el Partido del <br> Trabajo, propiedad del millonario Alberto \u201cBeto\u201d Anaya, pasar\u00eda inadvertido <br> en el Congreso del Estado.<br> Asael, comunic\u00f3logo de profesi\u00f3n, de toda la plantilla que figura en la n\u00f3mina <br> del PT, con su parsimonia se ha posicionado como l\u00edder natural en su bancada.<br> Ya son varios a\u00f1os de estar militando en el PT y escalar en varias posiciones en<br> la estructura del Frente Popular Tierra y Libertad por encima de otros peteistas.<br> Sep\u00falveda Mart\u00ednez, es el director, con permiso, de la Universidad \u201cEmiliano <br> Zapata\u201d y otros cargos que ha ejercido en el sistema educativo del FPTL.<br> Ha sumado experiencia en su formaci\u00f3n pol\u00edtica como funcionario municipal <br> cuando Ricardo Canavati era el alcalde de Monterrey, en el trienio 2003-2006.<br> No hay que olvidar que en el 2015 fue candidato a gobernador, teniendo como <br> adversarios a Ivonne \u00c1lvarez del PRI y el Independiente, Jaime Rodr\u00edguez.<br> Asael fue factor importante en el 2017 para matizar la ausencia de Guadalupe<br> Rodr\u00edguez, quien ni siquiera acudi\u00f3 a rendir protesta como diputada local.<br> Sobre la ausencia de Rodr\u00edguez dijo: \u201cEn alg\u00fan momento, en fecha cercana <br> va a regresar. Una vez que atienda algunas circunstancias personales\u201d (sic).<br> En cambio, cuando Guadalupe Rodr\u00edguez reapareci\u00f3, ella dijo: \u201cRecibimos <br> amenazas de muerte, secuestro y desaparici\u00f3n por desafiar al sistema\u201d (sic).<br> Muy diferente la forma y fondo en la expresi\u00f3n tanto de Asael como la de la <br> \u201cCompa\u00f1era Lupita\u201d. Lenguaje suave contra el \u00e1spero y del pasado.<br> Asael se perfila como un candidato natural para la alcald\u00eda de Monterrey, por <br> encima de gritones y fantoches sin pertenencia ideol\u00f3gica, s\u00f3lo en la n\u00f3mina.<br> chavalolanderos@yahoo.com.mx<\/p>\n","protected":false},"excerpt":{"rendered":"<p>Por Salvador Hern\u00e1ndez LANDEROS De no ser por el diputado local Asael Sep\u00falveda Mart\u00ednez, el Partido del Trabajo, propiedad del millonario Alberto \u201cBeto\u201d Anaya, pasar\u00eda inadvertido en el Congreso del Estado. Asael, comunic\u00f3logo de profesi\u00f3n, de toda la plantilla que figura en la n\u00f3mina del PT, con su parsimonia se ha posicionado como l\u00edder natural [&hellip;]<\/p>\n","protected":false},"author":1,"featured_media":8987,"comment_status":"open","ping_status":"open","sticky":true,"template":"","format":"standard","meta":{"footnotes":""},"categories":[12],"tags":[],"_links":{"self":[{"href":"https:\/\/diariodigitalmx.com\/index.php\/wp-json\/wp\/v2\/posts\/8985"}],"collection":[{"href":"https:\/\/diariodigitalmx.com\/index.php\/wp-json\/wp\/v2\/posts"}],"about":[{"href":"https:\/\/diariodigitalmx.com\/index.php\/wp-json\/wp\/v2\/types\/post"}],"author":[{"embeddable":true,"href":"https:\/\/diariodigitalmx.com\/index.php\/wp-json\/wp\/v2\/users\/1"}],"replies":[{"embeddable":true,"href":"https:\/\/diariodigitalmx.com\/index.php\/wp-json\/wp\/v2\/comments?post=8985"}],"version-history":[{"count":1,"href":"https:\/\/diariodigitalmx.com\/index.php\/wp-json\/wp\/v2\/posts\/8985\/revisions"}],"predecessor-version":[{"id":8986,"href":"https:\/\/diariodigitalmx.com\/index.php\/wp-json\/wp\/v2\/posts\/8985\/revisions\/8986"}],"wp:featuredmedia":[{"embeddable":true,"href":"https:\/\/diariodigitalmx.com\/index.php\/wp-json\/wp\/v2\/media\/8987"}],"wp:attachment":[{"href":"https:\/\/diariodigitalmx.com\/index.php\/wp-json\/wp\/v2\/media?parent=8985"}],"wp:term":[{"taxonomy":"category","embeddable":true,"href":"https:\/\/diariodigitalmx.com\/index.php\/wp-json\/wp\/v2\/categories?post=8985"},{"taxonomy":"post_tag","embeddable":true,"href":"https:\/\/diariodigitalmx.com\/index.php\/wp-json\/wp\/v2\/tags?post=8985"}],"curies":[{"name":"wp","href":"https:\/\/api.w.org\/{rel}","templated":true}]}}