{"id":9006,"date":"2019-07-29T16:19:00","date_gmt":"2019-07-29T21:19:00","guid":{"rendered":"http:\/\/diariodigitalmx.com\/?p=9006"},"modified":"2019-07-29T16:19:02","modified_gmt":"2019-07-29T21:19:02","slug":"politica-y-gente-22","status":"publish","type":"post","link":"https:\/\/diariodigitalmx.com\/index.php\/2019\/07\/29\/politica-y-gente-22\/","title":{"rendered":"Pol\u00edtica y Gente"},"content":{"rendered":"\n<p>Por Pedro Garc\u00eda<\/p>\n\n\n\n<p>En cuanto al gobierno de AMLO, s\u00f3lo queda esperar&#8230;<\/p>\n\n\n\n<p>Escucho opiniones en contra y a favor. Frente a esos polos, el tiempo va a poner a cada qui\u00e9n en su sitio, ni siquiera para demostrar lo equivocado o acertado de unos u otros, sino simplemente para volver a comprobar que, contra todo pron\u00f3stico, el que est\u00e1 al mando del poder Ejecutivo es el responsable de cuanto le ocurra al pa\u00eds durante su gobierno, ni modo que los integrantes del Congreso de la Uni\u00f3n, por ejemplo, asuman una parte del fracaso, lo cual jam\u00e1s se ha visto porque no ha habido contrapesos genuinos ni autocr\u00edtica \u00bfo s\u00ed?<\/p>\n\n\n\n<p>Alguien ha dicho &#8220;yo le contradije a LEA su populismo&#8221;, &#8220;yo le contradije a JLP su nepotismo&#8221;, &#8220;yo le reproch\u00e9 a MMH su pasividad ante el sismo&#8221;, &#8220;yo refren\u00e9 el intento subterr\u00e1neo de CSG de pretender relegirse&#8221; &#8220;yo le reclam\u00e9 a CSG y Zedillo por el error de diciembre&#8221; y as\u00ed, sucesivamente&#8230;<\/p>\n\n\n\n<p>Veo desgarres de vestiduras hasta de ex presidentes que est\u00e1n renuentes a refugiarse en los burladeros e insisten en reprochar al presidente L\u00f3pez Obrador sus presuntos errores o tratan de imponerle enmiendas o que haga cosas que ellos, en su momento, nunca hicieron.<\/p>\n\n\n\n<p>Los ex presidentes panistas siguen fieles a lo que han sido, opositores de oficio -en decadencia- y no advierten, o no quieren admitir, que su tiempo ya pas\u00f3.<\/p>\n\n\n\n<p>Es probable que en algunas de sus posiciones tengan alguna claridad, pero no pasa de eso porque sus expresiones no son propositivas ni llevan una posibilidad de di\u00e1logo o cercan\u00eda con el Presidente en turno.<\/p>\n\n\n\n<p>Lo combaten desde su \u00f3ptica de opositores irreductibles, no se asumen como ciudadanos humildes con sinceridad de aportar y se posicionan detr\u00e1s de magnavoces de los medios.<\/p>\n\n\n\n<p>Considero, reitero, que al pa\u00eds le va a ir como le va a ir con AMLO, como as\u00ed le fue con sus antecesores en donde algunos de ellos se resisten a admitir que no hicieron lo suficiente y ambicionan, otra vez, poder y reflectores.<\/p>\n","protected":false},"excerpt":{"rendered":"<p>Por Pedro Garc\u00eda En cuanto al gobierno de AMLO, s\u00f3lo queda esperar&#8230; Escucho opiniones en contra y a favor. Frente a esos polos, el tiempo va a poner a cada qui\u00e9n en su sitio, ni siquiera para demostrar lo equivocado o acertado de unos u otros, sino simplemente para volver a comprobar que, contra todo [&hellip;]<\/p>\n","protected":false},"author":1,"featured_media":9008,"comment_status":"open","ping_status":"open","sticky":true,"template":"","format":"standard","meta":{"footnotes":""},"categories":[12],"tags":[],"_links":{"self":[{"href":"https:\/\/diariodigitalmx.com\/index.php\/wp-json\/wp\/v2\/posts\/9006"}],"collection":[{"href":"https:\/\/diariodigitalmx.com\/index.php\/wp-json\/wp\/v2\/posts"}],"about":[{"href":"https:\/\/diariodigitalmx.com\/index.php\/wp-json\/wp\/v2\/types\/post"}],"author":[{"embeddable":true,"href":"https:\/\/diariodigitalmx.com\/index.php\/wp-json\/wp\/v2\/users\/1"}],"replies":[{"embeddable":true,"href":"https:\/\/diariodigitalmx.com\/index.php\/wp-json\/wp\/v2\/comments?post=9006"}],"version-history":[{"count":1,"href":"https:\/\/diariodigitalmx.com\/index.php\/wp-json\/wp\/v2\/posts\/9006\/revisions"}],"predecessor-version":[{"id":9007,"href":"https:\/\/diariodigitalmx.com\/index.php\/wp-json\/wp\/v2\/posts\/9006\/revisions\/9007"}],"wp:featuredmedia":[{"embeddable":true,"href":"https:\/\/diariodigitalmx.com\/index.php\/wp-json\/wp\/v2\/media\/9008"}],"wp:attachment":[{"href":"https:\/\/diariodigitalmx.com\/index.php\/wp-json\/wp\/v2\/media?parent=9006"}],"wp:term":[{"taxonomy":"category","embeddable":true,"href":"https:\/\/diariodigitalmx.com\/index.php\/wp-json\/wp\/v2\/categories?post=9006"},{"taxonomy":"post_tag","embeddable":true,"href":"https:\/\/diariodigitalmx.com\/index.php\/wp-json\/wp\/v2\/tags?post=9006"}],"curies":[{"name":"wp","href":"https:\/\/api.w.org\/{rel}","templated":true}]}}